{"id":8086,"date":"2025-01-19T19:37:21","date_gmt":"2025-01-19T18:37:21","guid":{"rendered":"https:\/\/fcr1899.com\/?p=8086"},"modified":"2025-09-11T08:41:46","modified_gmt":"2025-09-11T07:41:46","slug":"fc-rouene-ikinci-bir-forvet-oyuncusu-geliyor","status":"publish","type":"post","link":"https:\/\/fcr1899.com\/tr\/fc-rouene-ikinci-bir-forvet-oyuncusu-geliyor\/","title":{"rendered":"FC Rouen&#8217;e ikinci bir forvet oyuncusu geliyor"},"content":{"rendered":"<p>FC Rouen 1899 bir ba\u015fka forvet oyuncusu olan S\u00e9rigne Faye ile s\u00f6zle\u015fme imzalad\u0131\u011f\u0131n\u0131 duyurmaktan mutluluk duyar.<\/p>\n<p>Senegalli 20 ya\u015f\u0131ndaki gen\u00e7 yetenek S\u00e9rigne \u00e7ok g\u00fc\u00e7l\u00fc ve fiziksel olarak etkileyici bir forvet. Tak\u0131m\u0131m\u0131z onun h\u0131z\u0131na ve ani etkisine g\u00fcvenebilecek.<\/p>\n<p>\u0130spanyol kul\u00fcb\u00fc Granada&#8217;ya ge\u00e7meden \u00f6nce Montpellier&#8217;de e\u011fitim g\u00f6ren S\u00e9rigne&#8217;nin tak\u0131ma kat\u0131lmas\u0131, tak\u0131m\u0131 en \u00fcst seviyede bile ger\u00e7ek sportif de\u011fer katabilecek kaliteli bir oyuncuyla uzun vadeli olarak g\u00fc\u00e7lendirme arzusunun y\u00f6nlendirdi\u011fi iddial\u0131 bir yakla\u015f\u0131m\u0131n par\u00e7as\u0131.<\/p>\n<p>Mercato&#8217;nun ba\u015flang\u0131c\u0131nda ihtiyatl\u0131 davranan kul\u00fcp, kaliteli oyuncular\u0131 \u00e7ekmek i\u00e7in do\u011fru zaman\u0131 ve do\u011fru f\u0131rsatlar\u0131 tercih ederek sab\u0131rl\u0131 olmay\u0131 se\u00e7ti. Bu oyuncular g\u00f6zde oyunculard\u0131 ama her \u015feyden \u00f6nce projemizin bir par\u00e7as\u0131 olmak i\u00e7in motive olmu\u015flard\u0131 ve sportif ve insani gereksinimlerimizi kar\u015f\u0131l\u0131yorlard\u0131. Sabr\u0131m\u0131z\u0131n kar\u015f\u0131l\u0131\u011f\u0131n\u0131 ald\u0131k!<\/p>\n<p>Yeni 28 numaram\u0131z sa\u011fl\u0131k testlerinden ge\u00e7mek ve 2 bu\u00e7uk sezonluk s\u00f6zle\u015fme imzalamak \u00fczere hafta sonu Rouen&#8217;e geldi. Haz\u0131r ve formda olan oyuncu yar\u0131n sabah yeni tak\u0131m arkada\u015flar\u0131yla birlikte antrenmanlara ba\u015flayacak.<\/p>\n<p>K\u0131rm\u0131z\u0131 \u015eeytanlara ho\u015f geldin, S\u00e9rigne!<\/p>\n","protected":false},"excerpt":{"rendered":"<p>FC Rouen 1899 bir ba\u015fka forvet oyuncusu olan S\u00e9rigne Faye ile s\u00f6zle\u015fme imzalad\u0131\u011f\u0131n\u0131 duyurmaktan mutluluk duyar. Senegalli 20 ya\u015f\u0131ndaki gen\u00e7 yetenek S\u00e9rigne \u00e7ok g\u00fc\u00e7l\u00fc ve fiziksel olarak etkileyici bir forvet. Tak\u0131m\u0131m\u0131z onun h\u0131z\u0131na ve ani etkisine g\u00fcvenebilecek. \u0130spanyol kul\u00fcb\u00fc Granada&#8217;ya ge\u00e7meden \u00f6nce Montpellier&#8217;de e\u011fitim g\u00f6ren S\u00e9rigne&#8217;nin tak\u0131ma kat\u0131lmas\u0131, tak\u0131m\u0131 en \u00fcst seviyede bile ger\u00e7ek sportif [&hellip;]<\/p>\n","protected":false},"author":2,"featured_media":7973,"comment_status":"closed","ping_status":"closed","sticky":false,"template":"","format":"standard","meta":{"_acf_changed":false,"footnotes":""},"categories":[88,91],"tags":[],"class_list":["post-8086","post","type-post","status-publish","format-standard","has-post-thumbnail","hentry","category-kulup-tr","category-haberler-tr"],"acf":[],"_links":{"self":[{"href":"https:\/\/fcr1899.com\/tr\/wp-json\/wp\/v2\/posts\/8086","targetHints":{"allow":["GET"]}}],"collection":[{"href":"https:\/\/fcr1899.com\/tr\/wp-json\/wp\/v2\/posts"}],"about":[{"href":"https:\/\/fcr1899.com\/tr\/wp-json\/wp\/v2\/types\/post"}],"author":[{"embeddable":true,"href":"https:\/\/fcr1899.com\/tr\/wp-json\/wp\/v2\/users\/2"}],"replies":[{"embeddable":true,"href":"https:\/\/fcr1899.com\/tr\/wp-json\/wp\/v2\/comments?post=8086"}],"version-history":[{"count":1,"href":"https:\/\/fcr1899.com\/tr\/wp-json\/wp\/v2\/posts\/8086\/revisions"}],"predecessor-version":[{"id":8087,"href":"https:\/\/fcr1899.com\/tr\/wp-json\/wp\/v2\/posts\/8086\/revisions\/8087"}],"wp:featuredmedia":[{"embeddable":true,"href":"https:\/\/fcr1899.com\/tr\/wp-json\/wp\/v2\/media\/7973"}],"wp:attachment":[{"href":"https:\/\/fcr1899.com\/tr\/wp-json\/wp\/v2\/media?parent=8086"}],"wp:term":[{"taxonomy":"category","embeddable":true,"href":"https:\/\/fcr1899.com\/tr\/wp-json\/wp\/v2\/categories?post=8086"},{"taxonomy":"post_tag","embeddable":true,"href":"https:\/\/fcr1899.com\/tr\/wp-json\/wp\/v2\/tags?post=8086"}],"curies":[{"name":"wp","href":"https:\/\/api.w.org\/{rel}","templated":true}]}}