{"id":7977,"date":"2025-01-18T09:01:20","date_gmt":"2025-01-18T08:01:20","guid":{"rendered":"https:\/\/fcr1899.com\/?p=7977"},"modified":"2025-09-11T08:43:23","modified_gmt":"2025-09-11T07:43:23","slug":"fc-rouen-ataklarini-guclendiriyor","status":"publish","type":"post","link":"https:\/\/fcr1899.com\/tr\/fc-rouen-ataklarini-guclendiriyor\/","title":{"rendered":"FC Rouen ataklar\u0131n\u0131 g\u00fc\u00e7lendiriyor"},"content":{"rendered":"<p>FC Rouen h\u00fccum hatt\u0131n\u0131 g\u00fc\u00e7lendirmek i\u00e7in Charles Abi&#8217;yi kadrosuna katt\u0131. Yeni 9 numaram\u0131z 6 ay + 2 y\u0131l opsiyonlu (kul\u00fcp lehine) s\u00f6zle\u015fme imzalad\u0131.<\/p>\n<p>D\u00fcn ak\u015famki hayal k\u0131r\u0131kl\u0131\u011f\u0131 yaratan sonucun ard\u0131ndan FC Rouen 1899 kadrosunu geli\u015ftirme \u00e7abalar\u0131n\u0131 s\u00fcrd\u00fcrmeye kararl\u0131d\u0131r. Birka\u00e7 hafta \u00f6nce belirlenen bir ihtiyac\u0131 kar\u015f\u0131layan ilk forvetimiz Charles Abi&#8217;nin geli\u015fini duyurmaktan mutluluk duyuyoruz*.<\/p>\n<p>Bu transfer anl\u0131k bir tepki de\u011fil, sab\u0131rl\u0131 ve h\u0131rsl\u0131 bir d\u00fc\u015f\u00fcncenin sonucudur. Ger\u00e7ek sportif de\u011fer katabilecek kaliteli oyuncular\u0131 kadromuza katmak i\u00e7in do\u011fru zaman\u0131 beklemeyi tercih ettik. Bu yakla\u015f\u0131m, kul\u00fcb\u00fcn uzun vadeli performans\u0131n\u0131 g\u00fc\u00e7lendirmeye odaklanan uzun vadeli projemizin bir par\u00e7as\u0131d\u0131r.<\/p>\n<p>AS Saint-\u00c9tienne ile zengin bir Ligue 1 deneyimine (43 ma\u00e7) sahip olan Charles Abi, fiziksel g\u00fcc\u00fc oyuna ak\u0131ll\u0131 bir yakla\u015f\u0131mla birle\u015ftiriyor. Hen\u00fcz 24 ya\u015f\u0131nda ve h\u00fccum hatt\u0131m\u0131z\u0131 g\u00fc\u00e7lendirmek i\u00e7in ideal bir profile sahip.<\/p>\n<p>Bu geli\u015f, imrenilen profilleri cezbetme arzumuzu, ancak her \u015feyden \u00f6nce de\u011ferlerimizi ve h\u0131rs\u0131m\u0131z\u0131 payla\u015fan oyuncularla geli\u015fme ve ilerleme arzumuzu g\u00f6steriyor. Birlikte, bizi bekleyen zorluklar\u0131n \u00fcstesinden gelecek ve Robert Diochon stadyumunu heyecanland\u0131rmaya devam edece\u011fiz.<\/p>\n<p>Ho\u015f geldin Charles!<\/p>\n<p>*Sa\u011fl\u0131k muayenesine tabidir.<\/p>\n","protected":false},"excerpt":{"rendered":"<p>FC Rouen h\u00fccum hatt\u0131n\u0131 g\u00fc\u00e7lendirmek i\u00e7in Charles Abi&#8217;yi kadrosuna katt\u0131. Yeni 9 numaram\u0131z 6 ay + 2 y\u0131l opsiyonlu (kul\u00fcp lehine) s\u00f6zle\u015fme imzalad\u0131. D\u00fcn ak\u015famki hayal k\u0131r\u0131kl\u0131\u011f\u0131 yaratan sonucun ard\u0131ndan FC Rouen 1899 kadrosunu geli\u015ftirme \u00e7abalar\u0131n\u0131 s\u00fcrd\u00fcrmeye kararl\u0131d\u0131r. Birka\u00e7 hafta \u00f6nce belirlenen bir ihtiyac\u0131 kar\u015f\u0131layan ilk forvetimiz Charles Abi&#8217;nin geli\u015fini duyurmaktan mutluluk duyuyoruz*. Bu transfer [&hellip;]<\/p>\n","protected":false},"author":2,"featured_media":7973,"comment_status":"closed","ping_status":"closed","sticky":false,"template":"","format":"standard","meta":{"_acf_changed":false,"footnotes":""},"categories":[88,91],"tags":[],"class_list":["post-7977","post","type-post","status-publish","format-standard","has-post-thumbnail","hentry","category-kulup-tr","category-haberler-tr"],"acf":[],"_links":{"self":[{"href":"https:\/\/fcr1899.com\/tr\/wp-json\/wp\/v2\/posts\/7977","targetHints":{"allow":["GET"]}}],"collection":[{"href":"https:\/\/fcr1899.com\/tr\/wp-json\/wp\/v2\/posts"}],"about":[{"href":"https:\/\/fcr1899.com\/tr\/wp-json\/wp\/v2\/types\/post"}],"author":[{"embeddable":true,"href":"https:\/\/fcr1899.com\/tr\/wp-json\/wp\/v2\/users\/2"}],"replies":[{"embeddable":true,"href":"https:\/\/fcr1899.com\/tr\/wp-json\/wp\/v2\/comments?post=7977"}],"version-history":[{"count":1,"href":"https:\/\/fcr1899.com\/tr\/wp-json\/wp\/v2\/posts\/7977\/revisions"}],"predecessor-version":[{"id":7978,"href":"https:\/\/fcr1899.com\/tr\/wp-json\/wp\/v2\/posts\/7977\/revisions\/7978"}],"wp:featuredmedia":[{"embeddable":true,"href":"https:\/\/fcr1899.com\/tr\/wp-json\/wp\/v2\/media\/7973"}],"wp:attachment":[{"href":"https:\/\/fcr1899.com\/tr\/wp-json\/wp\/v2\/media?parent=7977"}],"wp:term":[{"taxonomy":"category","embeddable":true,"href":"https:\/\/fcr1899.com\/tr\/wp-json\/wp\/v2\/categories?post=7977"},{"taxonomy":"post_tag","embeddable":true,"href":"https:\/\/fcr1899.com\/tr\/wp-json\/wp\/v2\/tags?post=7977"}],"curies":[{"name":"wp","href":"https:\/\/api.w.org\/{rel}","templated":true}]}}