{"id":7946,"date":"2025-01-15T14:53:34","date_gmt":"2025-01-15T13:53:34","guid":{"rendered":"https:\/\/fcr1899.com\/?p=7946"},"modified":"2025-09-11T08:45:51","modified_gmt":"2025-09-11T07:45:51","slug":"abdellah-haimoud-kisin-ilk-imzasi","status":"publish","type":"post","link":"https:\/\/fcr1899.com\/tr\/abdellah-haimoud-kisin-ilk-imzasi\/","title":{"rendered":"Abdellah Haimoud, k\u0131\u015f\u0131n ilk imzas\u0131"},"content":{"rendered":"<p>Abdellah Haimoud, K\u0131rm\u0131z\u0131 \u015eeytanlar\u0131n orta sahas\u0131n\u0131 g\u00fc\u00e7lendirmek i\u00e7in k\u0131\u015f transfer d\u00f6neminin ilk imzas\u0131!<\/p>\n<p>Gelecek vaat eden gen\u00e7 bir yetenek olarak tan\u0131nan Abdellah, FC Rouen 1899&#8217;un gelece\u011fini m\u00fckemmel bir \u015fekilde temsil ediyor. Potansiyeli ve kararl\u0131l\u0131\u011f\u0131n\u0131n yan\u0131 s\u0131ra, gen\u00e7 ya\u015f\u0131na g\u00f6re dikkate de\u011fer bir deneyime sahip. \u015eimdiden prestijli CAF \u015eampiyonlar Ligi de dahil olmak \u00fczere bir\u00e7ok kupa kazand\u0131 ve U23 uluslararas\u0131 stat\u00fcs\u00fcyle kazanman\u0131n ne demek oldu\u011funu ve zirveye ula\u015fmak i\u00e7in ne gerekti\u011fini biliyor. Kariyeri yetene\u011finin, olgunlu\u011funun ve hepsinden \u00f6nemlisi b\u00fcy\u00fck anlarda ortaya koydu\u011fu performans\u0131n bir kan\u0131t\u0131. Kul\u00fcb\u00fcm\u00fcz\u00fcn iddial\u0131 projesine tam anlam\u0131yla katk\u0131da bulunabilmesi i\u00e7in gelecek i\u00e7in umutlar\u0131m\u0131z\u0131 ona ba\u011fl\u0131yoruz!<\/p>\n<p>\u015eu anda entegrasyon a\u015famas\u0131nda olan Abdellah, tak\u0131m i\u00e7inde ayaklar\u0131n\u0131 buluyor ve yeni renkleri alt\u0131nda sahaya \u00e7\u0131kmaya haz\u0131r olmak i\u00e7in \u00e7ok \u00e7al\u0131\u015f\u0131yor. \u00d6n\u00fcm\u00fczdeki birka\u00e7 hafta i\u00e7inde onu sahada g\u00f6rmek i\u00e7in sab\u0131rs\u0131zlan\u0131yoruz.<\/p>\n<p>Yeni 13 numaram\u0131za ho\u015f geldiniz!<\/p>\n","protected":false},"excerpt":{"rendered":"<p>Abdellah Haimoud, K\u0131rm\u0131z\u0131 \u015eeytanlar\u0131n orta sahas\u0131n\u0131 g\u00fc\u00e7lendirmek i\u00e7in k\u0131\u015f transfer d\u00f6neminin ilk imzas\u0131! Gelecek vaat eden gen\u00e7 bir yetenek olarak tan\u0131nan Abdellah, FC Rouen 1899&#8217;un gelece\u011fini m\u00fckemmel bir \u015fekilde temsil ediyor. Potansiyeli ve kararl\u0131l\u0131\u011f\u0131n\u0131n yan\u0131 s\u0131ra, gen\u00e7 ya\u015f\u0131na g\u00f6re dikkate de\u011fer bir deneyime sahip. \u015eimdiden prestijli CAF \u015eampiyonlar Ligi de dahil olmak \u00fczere bir\u00e7ok kupa [&hellip;]<\/p>\n","protected":false},"author":2,"featured_media":7938,"comment_status":"closed","ping_status":"closed","sticky":false,"template":"","format":"standard","meta":{"_acf_changed":false,"footnotes":""},"categories":[88,91],"tags":[],"class_list":["post-7946","post","type-post","status-publish","format-standard","has-post-thumbnail","hentry","category-kulup-tr","category-haberler-tr"],"acf":[],"_links":{"self":[{"href":"https:\/\/fcr1899.com\/tr\/wp-json\/wp\/v2\/posts\/7946","targetHints":{"allow":["GET"]}}],"collection":[{"href":"https:\/\/fcr1899.com\/tr\/wp-json\/wp\/v2\/posts"}],"about":[{"href":"https:\/\/fcr1899.com\/tr\/wp-json\/wp\/v2\/types\/post"}],"author":[{"embeddable":true,"href":"https:\/\/fcr1899.com\/tr\/wp-json\/wp\/v2\/users\/2"}],"replies":[{"embeddable":true,"href":"https:\/\/fcr1899.com\/tr\/wp-json\/wp\/v2\/comments?post=7946"}],"version-history":[{"count":1,"href":"https:\/\/fcr1899.com\/tr\/wp-json\/wp\/v2\/posts\/7946\/revisions"}],"predecessor-version":[{"id":7947,"href":"https:\/\/fcr1899.com\/tr\/wp-json\/wp\/v2\/posts\/7946\/revisions\/7947"}],"wp:featuredmedia":[{"embeddable":true,"href":"https:\/\/fcr1899.com\/tr\/wp-json\/wp\/v2\/media\/7938"}],"wp:attachment":[{"href":"https:\/\/fcr1899.com\/tr\/wp-json\/wp\/v2\/media?parent=7946"}],"wp:term":[{"taxonomy":"category","embeddable":true,"href":"https:\/\/fcr1899.com\/tr\/wp-json\/wp\/v2\/categories?post=7946"},{"taxonomy":"post_tag","embeddable":true,"href":"https:\/\/fcr1899.com\/tr\/wp-json\/wp\/v2\/tags?post=7946"}],"curies":[{"name":"wp","href":"https:\/\/api.w.org\/{rel}","templated":true}]}}