{"id":7333,"date":"2024-09-28T04:54:01","date_gmt":"2024-09-28T03:54:01","guid":{"rendered":"https:\/\/fcr1899.com\/?p=7333"},"modified":"2025-09-12T14:10:37","modified_gmt":"2025-09-12T13:10:37","slug":"fc-rouen-pembe-ekime-katiliyor","status":"publish","type":"post","link":"https:\/\/fcr1899.com\/tr\/fc-rouen-pembe-ekime-katiliyor\/","title":{"rendered":"FC Rouen Pembe Ekim&#8217;e kat\u0131l\u0131yor"},"content":{"rendered":"<p>FC Rouen 1899, dayan\u0131\u015fma ve b\u00fcy\u00fck ama\u00e7lara destek de\u011ferlerine sad\u0131k kalarak, meme kanserine kar\u015f\u0131 m\u00fccadeleye adanm\u0131\u015f Pembe Ekim kampanyas\u0131na ba\u011fl\u0131l\u0131\u011f\u0131n\u0131 duyurmaktan gurur duyar.<\/p>\n<p>Kul\u00fcp, 5 Ekim&#8217;de FC Versailles ile oynanacak ma\u00e7ta, pembe bir giysi ya da aksesuar giyen her kad\u0131na bir koltuk hediye edecektir. Biletler ma\u00e7 g\u00fcn\u00fc saat 16:00&#8217;da kap\u0131lar a\u00e7\u0131ld\u0131\u011f\u0131nda bilet gi\u015fesinden al\u0131nabilecek ve VIP alanlar\u0131 hari\u00e7 t\u00fcm trib\u00fcnlerde ge\u00e7erli olacak.<\/p>\n<p>Ayr\u0131ca, Ekim ay\u0131 boyunca FC Rouen 1899, i\u00e7 sahada veya deplasmanda A tak\u0131m taraf\u0131ndan at\u0131lan her gol i\u00e7in 1.000 \u20ac ba\u011f\u0131\u015fta bulunacakt\u0131r. Bu fonlar, bu hastal\u0131\u011f\u0131 \u00f6nlemek, ara\u015ft\u0131rmak ve bu hastal\u0131ktan etkilenen insanlar\u0131 desteklemek i\u00e7in \u00e7al\u0131\u015fan yerel bir merkeze ba\u011f\u0131\u015flanacakt\u0131r.<\/p>\n<p>FC Rouen 1899 t\u00fcm taraftarlar\u0131n\u0131 giri\u015fimimize kat\u0131larak bu \u00f6nemli amaca dahil olmaya davet ediyor.<\/p>\n<p>Bu sembolik ay, meme kanserine kar\u015f\u0131 m\u00fccadelede \u00f6nleme ve taraman\u0131n \u00f6nemini hat\u0131rlatacakt\u0131r. Gelin hep birlikte meme kanserine kar\u015f\u0131 birlik olal\u0131m ve her g\u00fcn onunla m\u00fccadele edenleri destekleyelim.<\/p>\n","protected":false},"excerpt":{"rendered":"<p>FC Rouen 1899, dayan\u0131\u015fma ve b\u00fcy\u00fck ama\u00e7lara destek de\u011ferlerine sad\u0131k kalarak, meme kanserine kar\u015f\u0131 m\u00fccadeleye adanm\u0131\u015f Pembe Ekim kampanyas\u0131na ba\u011fl\u0131l\u0131\u011f\u0131n\u0131 duyurmaktan gurur duyar. Kul\u00fcp, 5 Ekim&#8217;de FC Versailles ile oynanacak ma\u00e7ta, pembe bir giysi ya da aksesuar giyen her kad\u0131na bir koltuk hediye edecektir. Biletler ma\u00e7 g\u00fcn\u00fc saat 16:00&#8217;da kap\u0131lar a\u00e7\u0131ld\u0131\u011f\u0131nda bilet gi\u015fesinden al\u0131nabilecek ve [&hellip;]<\/p>\n","protected":false},"author":2,"featured_media":7311,"comment_status":"closed","ping_status":"closed","sticky":false,"template":"template\/gallery-post.php","format":"standard","meta":{"_acf_changed":false,"footnotes":""},"categories":[88,91,125],"tags":[],"class_list":["post-7333","post","type-post","status-publish","format-standard","has-post-thumbnail","hentry","category-kulup-tr","category-haberler-tr","category-fotograflar"],"acf":[],"_links":{"self":[{"href":"https:\/\/fcr1899.com\/tr\/wp-json\/wp\/v2\/posts\/7333","targetHints":{"allow":["GET"]}}],"collection":[{"href":"https:\/\/fcr1899.com\/tr\/wp-json\/wp\/v2\/posts"}],"about":[{"href":"https:\/\/fcr1899.com\/tr\/wp-json\/wp\/v2\/types\/post"}],"author":[{"embeddable":true,"href":"https:\/\/fcr1899.com\/tr\/wp-json\/wp\/v2\/users\/2"}],"replies":[{"embeddable":true,"href":"https:\/\/fcr1899.com\/tr\/wp-json\/wp\/v2\/comments?post=7333"}],"version-history":[{"count":1,"href":"https:\/\/fcr1899.com\/tr\/wp-json\/wp\/v2\/posts\/7333\/revisions"}],"predecessor-version":[{"id":7334,"href":"https:\/\/fcr1899.com\/tr\/wp-json\/wp\/v2\/posts\/7333\/revisions\/7334"}],"wp:featuredmedia":[{"embeddable":true,"href":"https:\/\/fcr1899.com\/tr\/wp-json\/wp\/v2\/media\/7311"}],"wp:attachment":[{"href":"https:\/\/fcr1899.com\/tr\/wp-json\/wp\/v2\/media?parent=7333"}],"wp:term":[{"taxonomy":"category","embeddable":true,"href":"https:\/\/fcr1899.com\/tr\/wp-json\/wp\/v2\/categories?post=7333"},{"taxonomy":"post_tag","embeddable":true,"href":"https:\/\/fcr1899.com\/tr\/wp-json\/wp\/v2\/tags?post=7333"}],"curies":[{"name":"wp","href":"https:\/\/api.w.org\/{rel}","templated":true}]}}