{"id":52196,"date":"2026-04-30T09:59:26","date_gmt":"2026-04-30T08:59:26","guid":{"rendered":"https:\/\/fcr1899.com\/?p=52196"},"modified":"2026-04-30T13:23:05","modified_gmt":"2026-04-30T12:23:05","slug":"dernegin-1-2-ve-3-mayis-2026-tarihli-programi","status":"publish","type":"post","link":"https:\/\/fcr1899.com\/tr\/dernegin-1-2-ve-3-mayis-2026-tarihli-programi\/","title":{"rendered":"Derne\u011fin 1, 2 ve 3 May\u0131s 2026 tarihli program\u0131"},"content":{"rendered":"<p>Kad\u0131n A Tak\u0131m\u0131m\u0131z ve dernek tak\u0131mlar\u0131m\u0131z\u0131n hafta sonu program\u0131n\u0131 inceleyin.<\/p>\n<h3>1 May\u0131s Cuma<\/h3>\n<p><strong>U16 R2<\/strong>: Saat 10.00&#8217;da Dieppe deplasman\u0131.<\/p>\n<h3>2 May\u0131s Cumartesi<\/h3>\n<p><strong>U18 R1<\/strong>: Saat 15:30&#8217;da Gonfreville&#8217;i a\u011f\u0131rlayaca\u011f\u0131z.<\/p>\n<p><strong>U15<\/strong> &#8211; Normandiya Kupas\u0131: Saat 13:00&#8217;da La Maladrerie&#8217;yi a\u011f\u0131rlayaca\u011f\u0131z.<\/p>\n<p><strong>U14 R1<\/strong>: Saat 13:00&#8217;da Mondeville&#8217;i a\u011f\u0131rlayaca\u011f\u0131z.<\/p>\n<h3>Dinlenme<\/h3>\n<p><strong>Senior R1<\/strong><\/p>\n<p><strong>Senior R1F<\/strong><\/p>\n<p><strong>Yedek F<\/strong><\/p>\n<p><strong>U18 D1<\/strong><\/p>\n","protected":false},"excerpt":{"rendered":"<p>Kad\u0131n A Tak\u0131m\u0131m\u0131z ve dernek tak\u0131mlar\u0131m\u0131z\u0131n hafta sonu program\u0131n\u0131 inceleyin. 1 May\u0131s Cuma U16 R2: Saat 10.00&#8217;da Dieppe deplasman\u0131. 2 May\u0131s Cumartesi U18 R1: Saat 15:30&#8217;da Gonfreville&#8217;i a\u011f\u0131rlayaca\u011f\u0131z. U15 &#8211; Normandiya Kupas\u0131: Saat 13:00&#8217;da La Maladrerie&#8217;yi a\u011f\u0131rlayaca\u011f\u0131z. U14 R1: Saat 13:00&#8217;da Mondeville&#8217;i a\u011f\u0131rlayaca\u011f\u0131z. Dinlenme Senior R1 Senior R1F Yedek F U18 D1<\/p>\n","protected":false},"author":2,"featured_media":52144,"comment_status":"closed","ping_status":"closed","sticky":false,"template":"","format":"standard","meta":{"_acf_changed":false,"footnotes":""},"categories":[91],"tags":[],"class_list":["post-52196","post","type-post","status-publish","format-standard","has-post-thumbnail","hentry","category-haberler-tr"],"acf":[],"_links":{"self":[{"href":"https:\/\/fcr1899.com\/tr\/wp-json\/wp\/v2\/posts\/52196","targetHints":{"allow":["GET"]}}],"collection":[{"href":"https:\/\/fcr1899.com\/tr\/wp-json\/wp\/v2\/posts"}],"about":[{"href":"https:\/\/fcr1899.com\/tr\/wp-json\/wp\/v2\/types\/post"}],"author":[{"embeddable":true,"href":"https:\/\/fcr1899.com\/tr\/wp-json\/wp\/v2\/users\/2"}],"replies":[{"embeddable":true,"href":"https:\/\/fcr1899.com\/tr\/wp-json\/wp\/v2\/comments?post=52196"}],"version-history":[{"count":1,"href":"https:\/\/fcr1899.com\/tr\/wp-json\/wp\/v2\/posts\/52196\/revisions"}],"predecessor-version":[{"id":52197,"href":"https:\/\/fcr1899.com\/tr\/wp-json\/wp\/v2\/posts\/52196\/revisions\/52197"}],"wp:featuredmedia":[{"embeddable":true,"href":"https:\/\/fcr1899.com\/tr\/wp-json\/wp\/v2\/media\/52144"}],"wp:attachment":[{"href":"https:\/\/fcr1899.com\/tr\/wp-json\/wp\/v2\/media?parent=52196"}],"wp:term":[{"taxonomy":"category","embeddable":true,"href":"https:\/\/fcr1899.com\/tr\/wp-json\/wp\/v2\/categories?post=52196"},{"taxonomy":"post_tag","embeddable":true,"href":"https:\/\/fcr1899.com\/tr\/wp-json\/wp\/v2\/tags?post=52196"}],"curies":[{"name":"wp","href":"https:\/\/api.w.org\/{rel}","templated":true}]}}