{"id":52086,"date":"2026-04-21T17:59:34","date_gmt":"2026-04-21T16:59:34","guid":{"rendered":"https:\/\/fcr1899.com\/?p=52086"},"modified":"2026-04-30T11:47:52","modified_gmt":"2026-04-30T10:47:52","slug":"basin-aciklamasi-fc-rouen-2","status":"publish","type":"post","link":"https:\/\/fcr1899.com\/tr\/basin-aciklamasi-fc-rouen-2\/","title":{"rendered":"Bas\u0131n A\u00e7\u0131klamas\u0131 &#8211; FC Rouen"},"content":{"rendered":"<p>Spor a\u00e7\u0131s\u0131ndan zorlu bir d\u00f6nemde, FC Rouen 1899, bir kez daha herkesin sorumluluk almas\u0131n\u0131 gerektiren bir s\u00fcre\u00e7ten ge\u00e7iyor.<\/p>\n<p>Sezonun ba\u015f\u0131ndan bu yana kul\u00fcp, hem evinde hem de deplasmanda ba\u011fl\u0131l\u0131klar\u0131 ve sadakatleriyle \u00f6nemli bir g\u00fc\u00e7 olu\u015fturan t\u00fcm taraftarlar\u0131yla ba\u011flar\u0131n\u0131 g\u00fc\u00e7lendirerek, sakin bir ortamda \u00e7al\u0131\u015fmaya \u00f6zen g\u00f6sterdi.<\/p>\n<p>Birka\u00e7 haftad\u0131r galibiyet alamad\u0131\u011f\u0131m\u0131z i\u00e7in, bu d\u00f6nemde ya\u015fanan hayal k\u0131r\u0131kl\u0131\u011f\u0131n\u0131, hatta \u00f6fkeyi anl\u0131yor ve payla\u015f\u0131yoruz.<\/p>\n<p>Son ma\u00e7\u0131m\u0131zda ya\u015fanan olaylar, ne FC Rouen 1899&#8217;un de\u011ferlerini ne de yans\u0131tmak istedi\u011fimiz imaj\u0131 yans\u0131tmaktad\u0131r. Bir oyuncu ile bir taraftar aras\u0131nda talihsiz bir tart\u0131\u015fma ya\u015fanm\u0131\u015ft\u0131r.<\/p>\n<p>\ud835\udddf\ud835\uddf2 \ud835\uddf7\ud835\uddfc\ud835\ude02\ud835\uddf2\ud835\ude02\ud835\uddff \ud835\uddf0\ud835\uddfc\ud835\uddfb\ud835\uddf0\ud835\uddf2\ud835\uddff\ud835\uddfb\ud835\uddf2\u0301 \ud835\ude01\ud835\uddf6\ud835\uddf2\ud835\uddfb\ud835\ude01 \ud835\uddee\u0300 \ud835\uddfd \ud835\uddff\ud835\uddf2\u0301\ud835\ude00\ud835\uddf2\ud835\uddfb\ud835\ude01\ud835\uddf2\ud835\uddff \ud835\ude00\ud835\uddf2\ud835\ude00 \ud835\uddf2\ud835\ude05\ud835\uddf0\ud835\ude02\ud835\ude00\ud835\uddf2\ud835\ude00 \ud835\uddfd\ud835\uddfc\ud835\ude02\ud835\uddff \ud835\ude00 \ud835\uddee \ud835\uddff\ud835\uddf2\u0301\ud835\uddee\ud835\uddf0\ud835\ude01\ud835\uddf6\ud835\uddfc\ud835\uddfb, \ud835\uddfe\ud835\ude02\ud835\uddf6 \ud835\uddfb \u2019\ud835\uddee\ud835\ude02\ud835\uddff\ud835\uddee\ud835\uddf6\ud835\ude01 \ud835\uddfd\ud835\uddee\ud835\ude00 \ud835\uddf1\ud835\ude02\u0302 \ud835\uddf6\ud835\uddfb\ud835\ude01\ud835\uddf2\ud835\uddff\ud835\ude03\ud835\uddf2\ud835\uddfb\ud835\uddf6\ud835\uddff, \ud835\uddfe\ud835\ude02\ud835\uddf2\ud835\uddf9\ud835\uddf9\ud835\uddf2\ud835\ude00 \ud835\uddfe\ud835\ude02\ud835\uddf2 \ud835\ude00\ud835\uddfc\ud835\uddf6\ud835\uddf2\ud835\uddfb\ud835\ude01 \ud835\uddf9\ud835\uddf2\ud835\ude00 \ud835\uddf0\ud835\uddf6\ud835\uddff\ud835\uddf0 \ud835\uddfc\ud835\uddfb\ud835\ude00\ud835\ude01\ud835\uddee\ud835\uddfb\ud835\uddf0\ud835\uddf2\ud835\ude00. (A\u015fa\u011f\u0131daki Amadou&#8217;nun mesaj\u0131na bak\u0131n\u0131z)<\/p>\n<p>Bununla birlikte, sayg\u0131n\u0131n kar\u015f\u0131l\u0131kl\u0131 olmas\u0131 gerekti\u011fini hat\u0131rlat\u0131r\u0131z. FC Rouen 1899, oyuncular\u0131na, teknik kadrosuna veya taraftarlar\u0131na y\u00f6nelik her t\u00fcrl\u00fc hakaret ve a\u015f\u0131r\u0131l\u0131\u011f\u0131 kabul edemez.<\/p>\n<p>Bug\u00fcn her zamankinden daha fazla, kul\u00fcb\u00fcn birli\u011fe ihtiyac\u0131 var. Normal sezonun d\u00f6rt ma\u00e7\u0131 kald\u0131, bunlardan \u00fc\u00e7\u00fc Robert Diochon stadyumumuzda oynanacak. Spor a\u00e7\u0131s\u0131ndan her \u015fey hala m\u00fcmk\u00fcn.<br \/>\nT\u00fcm FC Rouen 1899 severleri, bu son d\u00fczl\u00fckte tak\u0131m\u0131n arkas\u0131nda birle\u015fmeye \u00e7a\u011f\u0131r\u0131yoruz. Kul\u00fcb\u00fcn tarihi her zaman co\u015fkuyla, ama ayn\u0131 zamanda dayan\u0131\u015fma ve sayg\u0131yla yaz\u0131lm\u0131\u015ft\u0131r.<\/p>\n<p>Sezonun sonunda kul\u00fcp, bu d\u00f6nemi analiz etmek ve t\u00fcm dersleri \u00e7\u0131karmak i\u00e7in gerekli mesafeyi koyacakt\u0131r.<\/p>\n<p>O zamana kadar, bu sezonun muhte\u015fem bir \u015fekilde sona erece\u011fi umuduyla as\u0131l konuya odaklanmal\u0131y\u0131z. Her \u015fey hala m\u00fcmk\u00fcn.<\/p>\n<p>Kul\u00fcp, bu t\u00fcr durumlar\u0131n tekrarlanmamas\u0131 i\u00e7in i\u00e7sel olarak gerekli \u00f6nlemleri alacakt\u0131r.<\/p>\n<p>\ud835\udddf\ud835\uddee \ud835\uddf1\ud835\uddf6\ud835\uddff\ud835\uddf2\ud835\uddf0\ud835\ude01\ud835\uddf6\ud835\uddfc\ud835\uddfb \ud835\uddf1\ud835\ude02 \ud835\uddd9\ud835\uddd6 \ud835\udde5\ud835\uddfc\ud835\ude02\ud835\uddf2\ud835\uddfb \ud835\udfed\ud835\udff4\ud835\udff5 \ud835\udff5<\/p>\n<p><img loading=\"lazy\" decoding=\"async\" class=\"alignnone wp-image-50824 size-full\" src=\"https:\/\/fcr1899.com\/wp-content\/uploads\/2026\/04\/WhatsApp-Image-2026-04-21-at-18.51.44.jpeg\" alt=\"\" width=\"1324\" height=\"530\" srcset=\"https:\/\/fcr1899.com\/wp-content\/uploads\/2026\/04\/WhatsApp-Image-2026-04-21-at-18.51.44.jpeg 1324w, https:\/\/fcr1899.com\/wp-content\/uploads\/2026\/04\/WhatsApp-Image-2026-04-21-at-18.51.44-300x120.jpeg 300w, https:\/\/fcr1899.com\/wp-content\/uploads\/2026\/04\/WhatsApp-Image-2026-04-21-at-18.51.44-1024x410.jpeg 1024w, https:\/\/fcr1899.com\/wp-content\/uploads\/2026\/04\/WhatsApp-Image-2026-04-21-at-18.51.44-768x307.jpeg 768w\" sizes=\"auto, (max-width: 1324px) 100vw, 1324px\" \/><\/p>\n","protected":false},"excerpt":{"rendered":"<p>Spor a\u00e7\u0131s\u0131ndan zorlu bir d\u00f6nemde, FC Rouen 1899, bir kez daha herkesin sorumluluk almas\u0131n\u0131 gerektiren bir s\u00fcre\u00e7ten ge\u00e7iyor. Sezonun ba\u015f\u0131ndan bu yana kul\u00fcp, hem evinde hem de deplasmanda ba\u011fl\u0131l\u0131klar\u0131 ve sadakatleriyle \u00f6nemli bir g\u00fc\u00e7 olu\u015fturan t\u00fcm taraftarlar\u0131yla ba\u011flar\u0131n\u0131 g\u00fc\u00e7lendirerek, sakin bir ortamda \u00e7al\u0131\u015fmaya \u00f6zen g\u00f6sterdi. Birka\u00e7 haftad\u0131r galibiyet alamad\u0131\u011f\u0131m\u0131z i\u00e7in, bu d\u00f6nemde ya\u015fanan hayal k\u0131r\u0131kl\u0131\u011f\u0131n\u0131, [&hellip;]<\/p>\n","protected":false},"author":2,"featured_media":38211,"comment_status":"closed","ping_status":"closed","sticky":false,"template":"","format":"standard","meta":{"_acf_changed":false,"footnotes":""},"categories":[88,91],"tags":[],"class_list":["post-52086","post","type-post","status-publish","format-standard","has-post-thumbnail","hentry","category-kulup-tr","category-haberler-tr"],"acf":[],"_links":{"self":[{"href":"https:\/\/fcr1899.com\/tr\/wp-json\/wp\/v2\/posts\/52086","targetHints":{"allow":["GET"]}}],"collection":[{"href":"https:\/\/fcr1899.com\/tr\/wp-json\/wp\/v2\/posts"}],"about":[{"href":"https:\/\/fcr1899.com\/tr\/wp-json\/wp\/v2\/types\/post"}],"author":[{"embeddable":true,"href":"https:\/\/fcr1899.com\/tr\/wp-json\/wp\/v2\/users\/2"}],"replies":[{"embeddable":true,"href":"https:\/\/fcr1899.com\/tr\/wp-json\/wp\/v2\/comments?post=52086"}],"version-history":[{"count":1,"href":"https:\/\/fcr1899.com\/tr\/wp-json\/wp\/v2\/posts\/52086\/revisions"}],"predecessor-version":[{"id":52087,"href":"https:\/\/fcr1899.com\/tr\/wp-json\/wp\/v2\/posts\/52086\/revisions\/52087"}],"wp:featuredmedia":[{"embeddable":true,"href":"https:\/\/fcr1899.com\/tr\/wp-json\/wp\/v2\/media\/38211"}],"wp:attachment":[{"href":"https:\/\/fcr1899.com\/tr\/wp-json\/wp\/v2\/media?parent=52086"}],"wp:term":[{"taxonomy":"category","embeddable":true,"href":"https:\/\/fcr1899.com\/tr\/wp-json\/wp\/v2\/categories?post=52086"},{"taxonomy":"post_tag","embeddable":true,"href":"https:\/\/fcr1899.com\/tr\/wp-json\/wp\/v2\/tags?post=52086"}],"curies":[{"name":"wp","href":"https:\/\/api.w.org\/{rel}","templated":true}]}}