{"id":51982,"date":"2026-04-09T12:13:27","date_gmt":"2026-04-09T11:13:27","guid":{"rendered":"https:\/\/fcr1899.com\/?p=51982"},"modified":"2026-04-30T07:58:01","modified_gmt":"2026-04-30T06:58:01","slug":"kulubun-11-ve-12-nisan-2026-tarihli-programi","status":"publish","type":"post","link":"https:\/\/fcr1899.com\/tr\/kulubun-11-ve-12-nisan-2026-tarihli-programi\/","title":{"rendered":"Kul\u00fcb\u00fcn 11 ve 12 Nisan 2026 tarihli program\u0131"},"content":{"rendered":"<p>Kad\u0131n A Tak\u0131m\u0131m\u0131z ve kul\u00fcb\u00fcn di\u011fer tak\u0131mlar\u0131 i\u00e7in hafta sonu program\u0131n\u0131 inceleyin.<\/p>\n<h3>11 Nisan Cumartesi<\/h3>\n<p><strong>A Tak\u0131m R1<\/strong>: Quevilly&#8217;yi saat 19:00&#8217;da a\u011f\u0131rlayaca\u011f\u0131z.<\/p>\n<p><strong>U18 R1<\/strong>: Saat 15:30&#8217;da Cherbourg deplasman\u0131na \u00e7\u0131kaca\u011f\u0131z.<\/p>\n<p><strong>U18 D1<\/strong>: Saat 13:00&#8217;da USMEF&#8217;i a\u011f\u0131rlayaca\u011f\u0131z.<\/p>\n<p><strong>U15 R1<\/strong>: Saat 15:30&#8217;da Gonfreville&#8217;i a\u011f\u0131rlayaca\u011f\u0131z.<\/p>\n<p><strong>U14 R1<\/strong>: Saat 13:00&#8217;da ASPTT Caen deplasman\u0131na \u00e7\u0131kaca\u011f\u0131z.<\/p>\n<h3>12 Nisan Pazar<\/h3>\n<p><strong>Senior R1F<\/strong>: Saat 15:00&#8217;da AG Caen deplasman\u0131.<\/p>\n<p><strong>Yedek F<\/strong>: Saat 12:00&#8217;da FC F\u00e9minin Rouen Plateau Est deplasman\u0131.<\/p>\n<p><strong>U16 R2<\/strong>: Saat 10:00&#8217;da Gravenchon&#8217;u a\u011f\u0131rlayacak.<\/p>\n","protected":false},"excerpt":{"rendered":"<p>Kad\u0131n A Tak\u0131m\u0131m\u0131z ve kul\u00fcb\u00fcn di\u011fer tak\u0131mlar\u0131 i\u00e7in hafta sonu program\u0131n\u0131 inceleyin. 11 Nisan Cumartesi A Tak\u0131m R1: Quevilly&#8217;yi saat 19:00&#8217;da a\u011f\u0131rlayaca\u011f\u0131z. U18 R1: Saat 15:30&#8217;da Cherbourg deplasman\u0131na \u00e7\u0131kaca\u011f\u0131z. U18 D1: Saat 13:00&#8217;da USMEF&#8217;i a\u011f\u0131rlayaca\u011f\u0131z. U15 R1: Saat 15:30&#8217;da Gonfreville&#8217;i a\u011f\u0131rlayaca\u011f\u0131z. U14 R1: Saat 13:00&#8217;da ASPTT Caen deplasman\u0131na \u00e7\u0131kaca\u011f\u0131z. 12 Nisan Pazar Senior R1F: Saat [&hellip;]<\/p>\n","protected":false},"author":2,"featured_media":48994,"comment_status":"closed","ping_status":"closed","sticky":false,"template":"","format":"standard","meta":{"_acf_changed":false,"footnotes":""},"categories":[91],"tags":[],"class_list":["post-51982","post","type-post","status-publish","format-standard","has-post-thumbnail","hentry","category-haberler-tr"],"acf":[],"_links":{"self":[{"href":"https:\/\/fcr1899.com\/tr\/wp-json\/wp\/v2\/posts\/51982","targetHints":{"allow":["GET"]}}],"collection":[{"href":"https:\/\/fcr1899.com\/tr\/wp-json\/wp\/v2\/posts"}],"about":[{"href":"https:\/\/fcr1899.com\/tr\/wp-json\/wp\/v2\/types\/post"}],"author":[{"embeddable":true,"href":"https:\/\/fcr1899.com\/tr\/wp-json\/wp\/v2\/users\/2"}],"replies":[{"embeddable":true,"href":"https:\/\/fcr1899.com\/tr\/wp-json\/wp\/v2\/comments?post=51982"}],"version-history":[{"count":1,"href":"https:\/\/fcr1899.com\/tr\/wp-json\/wp\/v2\/posts\/51982\/revisions"}],"predecessor-version":[{"id":51983,"href":"https:\/\/fcr1899.com\/tr\/wp-json\/wp\/v2\/posts\/51982\/revisions\/51983"}],"wp:featuredmedia":[{"embeddable":true,"href":"https:\/\/fcr1899.com\/tr\/wp-json\/wp\/v2\/media\/48994"}],"wp:attachment":[{"href":"https:\/\/fcr1899.com\/tr\/wp-json\/wp\/v2\/media?parent=51982"}],"wp:term":[{"taxonomy":"category","embeddable":true,"href":"https:\/\/fcr1899.com\/tr\/wp-json\/wp\/v2\/categories?post=51982"},{"taxonomy":"post_tag","embeddable":true,"href":"https:\/\/fcr1899.com\/tr\/wp-json\/wp\/v2\/tags?post=51982"}],"curies":[{"name":"wp","href":"https:\/\/api.w.org\/{rel}","templated":true}]}}