{"id":45700,"date":"2026-03-12T10:18:04","date_gmt":"2026-03-12T09:18:04","guid":{"rendered":"https:\/\/fcr1899.com\/?p=45700"},"modified":"2026-03-13T10:58:16","modified_gmt":"2026-03-13T09:58:16","slug":"dernegin-14-ve-15-mart-2026-programi","status":"publish","type":"post","link":"https:\/\/fcr1899.com\/tr\/dernegin-14-ve-15-mart-2026-programi\/","title":{"rendered":"Derne\u011fin 14 ve 15 Mart 2026 program\u0131"},"content":{"rendered":"<p>Kad\u0131nlar ve dernek tak\u0131mlar\u0131m\u0131z\u0131n hafta sonu program\u0131n\u0131 ke\u015ffedin.<\/p>\n<h3>14 Mart Cumartesi<\/h3>\n<p><strong>Senior R1<\/strong>: Pacy\/M\u00e9nilles&#8217;i saat 19:00&#8217;da a\u011f\u0131rlayaca\u011f\u0131z.<\/p>\n<p><strong>U18 R1<\/strong>: Saat 15:00&#8217;da La Maladrerie&#8217;ye gidece\u011fiz.<\/p>\n<p><strong>U18 D1<\/strong>: Saint-Etienne-du-Rouvray&#8217;a saat 15:30&#8217;da hareket.<\/p>\n<p><strong>U15 R1<\/strong>: Evreux&#8217;yu saat 15:15&#8217;te a\u011f\u0131rlama.<\/p>\n<p><strong>U14 R1<\/strong>: Cherbourg&#8217;a saat 15:15&#8217;te hareket.<\/p>\n<h3>15 Mart Pazar<\/h3>\n<p><strong>Senior R1F<\/strong>: Thiberville&#8217;e saat 14:30&#8217;da hareket.<\/p>\n<p><strong>Yedek F<\/strong>: CS Orbecquois-Vesperois&#8217;i saat 14:30&#8217;da a\u011f\u0131rlama.<\/p>\n<p><strong>U16 R2<\/strong>: Vernon&#8217;u saat 10:00&#8217;da a\u011f\u0131rlama.<\/p>\n","protected":false},"excerpt":{"rendered":"<p>Kad\u0131nlar ve dernek tak\u0131mlar\u0131m\u0131z\u0131n hafta sonu program\u0131n\u0131 ke\u015ffedin. 14 Mart Cumartesi Senior R1: Pacy\/M\u00e9nilles&#8217;i saat 19:00&#8217;da a\u011f\u0131rlayaca\u011f\u0131z. U18 R1: Saat 15:00&#8217;da La Maladrerie&#8217;ye gidece\u011fiz. U18 D1: Saint-Etienne-du-Rouvray&#8217;a saat 15:30&#8217;da hareket. U15 R1: Evreux&#8217;yu saat 15:15&#8217;te a\u011f\u0131rlama. U14 R1: Cherbourg&#8217;a saat 15:15&#8217;te hareket. 15 Mart Pazar Senior R1F: Thiberville&#8217;e saat 14:30&#8217;da hareket. Yedek F: CS Orbecquois-Vesperois&#8217;i [&hellip;]<\/p>\n","protected":false},"author":2,"featured_media":45491,"comment_status":"closed","ping_status":"closed","sticky":false,"template":"","format":"standard","meta":{"_acf_changed":false,"footnotes":""},"categories":[91],"tags":[],"class_list":["post-45700","post","type-post","status-publish","format-standard","has-post-thumbnail","hentry","category-haberler-tr"],"acf":[],"_links":{"self":[{"href":"https:\/\/fcr1899.com\/tr\/wp-json\/wp\/v2\/posts\/45700","targetHints":{"allow":["GET"]}}],"collection":[{"href":"https:\/\/fcr1899.com\/tr\/wp-json\/wp\/v2\/posts"}],"about":[{"href":"https:\/\/fcr1899.com\/tr\/wp-json\/wp\/v2\/types\/post"}],"author":[{"embeddable":true,"href":"https:\/\/fcr1899.com\/tr\/wp-json\/wp\/v2\/users\/2"}],"replies":[{"embeddable":true,"href":"https:\/\/fcr1899.com\/tr\/wp-json\/wp\/v2\/comments?post=45700"}],"version-history":[{"count":1,"href":"https:\/\/fcr1899.com\/tr\/wp-json\/wp\/v2\/posts\/45700\/revisions"}],"predecessor-version":[{"id":45701,"href":"https:\/\/fcr1899.com\/tr\/wp-json\/wp\/v2\/posts\/45700\/revisions\/45701"}],"wp:featuredmedia":[{"embeddable":true,"href":"https:\/\/fcr1899.com\/tr\/wp-json\/wp\/v2\/media\/45491"}],"wp:attachment":[{"href":"https:\/\/fcr1899.com\/tr\/wp-json\/wp\/v2\/media?parent=45700"}],"wp:term":[{"taxonomy":"category","embeddable":true,"href":"https:\/\/fcr1899.com\/tr\/wp-json\/wp\/v2\/categories?post=45700"},{"taxonomy":"post_tag","embeddable":true,"href":"https:\/\/fcr1899.com\/tr\/wp-json\/wp\/v2\/tags?post=45700"}],"curies":[{"name":"wp","href":"https:\/\/api.w.org\/{rel}","templated":true}]}}