{"id":45625,"date":"2026-03-05T10:24:53","date_gmt":"2026-03-05T09:24:53","guid":{"rendered":"https:\/\/fcr1899.com\/?p=45625"},"modified":"2026-03-13T08:07:08","modified_gmt":"2026-03-13T07:07:08","slug":"dernegin-7-ve-8-mart-2026-programi","status":"publish","type":"post","link":"https:\/\/fcr1899.com\/tr\/dernegin-7-ve-8-mart-2026-programi\/","title":{"rendered":"Derne\u011fin 7 ve 8 Mart 2026 program\u0131"},"content":{"rendered":"<p>Kad\u0131nlar ve dernek tak\u0131mlar\u0131m\u0131z\u0131n hafta sonu program\u0131n\u0131 ke\u015ffedin.<\/p>\n<h3>7 Mart Cumartesi<\/h3>\n<p><strong>Senior R1<\/strong>: Saat 18:30&#8217;da M\u00e9zidon&#8217;a deplasman.<\/p>\n<p><strong>U18 R1<\/strong>: Saat 18:00&#8217;de Flers&#8217;i a\u011f\u0131rlama.<\/p>\n<p><strong>U18 D1<\/strong>: Saat 15:30&#8217;da EFE COC CSP&#8217;yi a\u011f\u0131rlama.<\/p>\n<p><strong>U15 R1<\/strong>: Saat 15:15&#8217;te Caucriauville&#8217;e deplasman.<\/p>\n<p><strong>U14 R1<\/strong>: Saat 13:00&#8217;te Avranches&#8217;i a\u011f\u0131rlama.<\/p>\n<h3>8 Mart Pazar<\/h3>\n<p><strong>Senior R1F<\/strong>: FC F\u00e9minin Rouen Plateau Est&#8217;i saat 14:30&#8217;da a\u011f\u0131rlayacak.<\/p>\n<p><strong>R\u00e9serve F<\/strong>: Saat 15:00&#8217;te Yvetot&#8217;a gidecek.<\/p>\n<p><strong>U16 R2<\/strong>: Saat 10:00&#8217;da Seine Eure&#8217;ye gidecek.<\/p>\n","protected":false},"excerpt":{"rendered":"<p>Kad\u0131nlar ve dernek tak\u0131mlar\u0131m\u0131z\u0131n hafta sonu program\u0131n\u0131 ke\u015ffedin. 7 Mart Cumartesi Senior R1: Saat 18:30&#8217;da M\u00e9zidon&#8217;a deplasman. U18 R1: Saat 18:00&#8217;de Flers&#8217;i a\u011f\u0131rlama. U18 D1: Saat 15:30&#8217;da EFE COC CSP&#8217;yi a\u011f\u0131rlama. U15 R1: Saat 15:15&#8217;te Caucriauville&#8217;e deplasman. U14 R1: Saat 13:00&#8217;te Avranches&#8217;i a\u011f\u0131rlama. 8 Mart Pazar Senior R1F: FC F\u00e9minin Rouen Plateau Est&#8217;i saat 14:30&#8217;da [&hellip;]<\/p>\n","protected":false},"author":2,"featured_media":44702,"comment_status":"closed","ping_status":"closed","sticky":false,"template":"","format":"standard","meta":{"_acf_changed":false,"footnotes":""},"categories":[91],"tags":[],"class_list":["post-45625","post","type-post","status-publish","format-standard","has-post-thumbnail","hentry","category-haberler-tr"],"acf":[],"_links":{"self":[{"href":"https:\/\/fcr1899.com\/tr\/wp-json\/wp\/v2\/posts\/45625","targetHints":{"allow":["GET"]}}],"collection":[{"href":"https:\/\/fcr1899.com\/tr\/wp-json\/wp\/v2\/posts"}],"about":[{"href":"https:\/\/fcr1899.com\/tr\/wp-json\/wp\/v2\/types\/post"}],"author":[{"embeddable":true,"href":"https:\/\/fcr1899.com\/tr\/wp-json\/wp\/v2\/users\/2"}],"replies":[{"embeddable":true,"href":"https:\/\/fcr1899.com\/tr\/wp-json\/wp\/v2\/comments?post=45625"}],"version-history":[{"count":1,"href":"https:\/\/fcr1899.com\/tr\/wp-json\/wp\/v2\/posts\/45625\/revisions"}],"predecessor-version":[{"id":45626,"href":"https:\/\/fcr1899.com\/tr\/wp-json\/wp\/v2\/posts\/45625\/revisions\/45626"}],"wp:featuredmedia":[{"embeddable":true,"href":"https:\/\/fcr1899.com\/tr\/wp-json\/wp\/v2\/media\/44702"}],"wp:attachment":[{"href":"https:\/\/fcr1899.com\/tr\/wp-json\/wp\/v2\/media?parent=45625"}],"wp:term":[{"taxonomy":"category","embeddable":true,"href":"https:\/\/fcr1899.com\/tr\/wp-json\/wp\/v2\/categories?post=45625"},{"taxonomy":"post_tag","embeddable":true,"href":"https:\/\/fcr1899.com\/tr\/wp-json\/wp\/v2\/tags?post=45625"}],"curies":[{"name":"wp","href":"https:\/\/api.w.org\/{rel}","templated":true}]}}