{"id":45608,"date":"2026-03-03T16:59:06","date_gmt":"2026-03-03T15:59:06","guid":{"rendered":"https:\/\/fcr1899.com\/?p=45608"},"modified":"2026-03-13T07:43:22","modified_gmt":"2026-03-13T06:43:22","slug":"bourg-fcr-oncesi-istatistikler","status":"publish","type":"post","link":"https:\/\/fcr1899.com\/tr\/bourg-fcr-oncesi-istatistikler\/","title":{"rendered":"Bourg-FCR \u00f6ncesi istatistikler"},"content":{"rendered":"<p>FCR, Cuma g\u00fcn\u00fc saat 19:30&#8217;da Bourg ile kar\u015f\u0131la\u015facak. National&#8217;\u0131n 24. haftas\u0131 \u00f6ncesinde istatistiklere bir g\u00f6z atal\u0131m.<\/p>\n<p>5<\/p>\n<p>FC Rouen, lig tarihindeki Bourg ile oynad\u0131\u011f\u0131 5 ma\u00e7\u0131n hepsini kazand\u0131, bunlardan 4&#8217;\u00fcnde gol yemedi.<\/p>\n<p>5<\/p>\n<p>FCR, \u00f6nceki 5 haftada 3 ma\u00e7ta gol yemeden ge\u00e7irdikten sonra, son 5 lig ma\u00e7\u0131nda gol yedi.<\/p>\n<p>8<\/p>\n<p>Bourg, son 6 ma\u00e7ta (8) ilk 14 haftada (10) ald\u0131\u011f\u0131 puan kadar puan ald\u0131.<\/p>\n<p>12<br \/>\nBesic (6)-Boumaaoui (3)-Meyer (3) \u00fc\u00e7l\u00fcs\u00fc, Bourg&#8217;un bu sezon ligde att\u0131\u011f\u0131 17 gol\u00fcn 12&#8217;sini kaydetti.<\/p>\n","protected":false},"excerpt":{"rendered":"<p>FCR, Cuma g\u00fcn\u00fc saat 19:30&#8217;da Bourg ile kar\u015f\u0131la\u015facak. National&#8217;\u0131n 24. haftas\u0131 \u00f6ncesinde istatistiklere bir g\u00f6z atal\u0131m. 5 FC Rouen, lig tarihindeki Bourg ile oynad\u0131\u011f\u0131 5 ma\u00e7\u0131n hepsini kazand\u0131, bunlardan 4&#8217;\u00fcnde gol yemedi. 5 FCR, \u00f6nceki 5 haftada 3 ma\u00e7ta gol yemeden ge\u00e7irdikten sonra, son 5 lig ma\u00e7\u0131nda gol yedi. 8 Bourg, son 6 ma\u00e7ta (8) [&hellip;]<\/p>\n","protected":false},"author":2,"featured_media":44153,"comment_status":"closed","ping_status":"closed","sticky":false,"template":"","format":"standard","meta":{"_acf_changed":false,"footnotes":""},"categories":[90,91],"tags":[],"class_list":["post-45608","post","type-post","status-publish","format-standard","has-post-thumbnail","hentry","category-ulusal-tr","category-haberler-tr"],"acf":[],"_links":{"self":[{"href":"https:\/\/fcr1899.com\/tr\/wp-json\/wp\/v2\/posts\/45608","targetHints":{"allow":["GET"]}}],"collection":[{"href":"https:\/\/fcr1899.com\/tr\/wp-json\/wp\/v2\/posts"}],"about":[{"href":"https:\/\/fcr1899.com\/tr\/wp-json\/wp\/v2\/types\/post"}],"author":[{"embeddable":true,"href":"https:\/\/fcr1899.com\/tr\/wp-json\/wp\/v2\/users\/2"}],"replies":[{"embeddable":true,"href":"https:\/\/fcr1899.com\/tr\/wp-json\/wp\/v2\/comments?post=45608"}],"version-history":[{"count":1,"href":"https:\/\/fcr1899.com\/tr\/wp-json\/wp\/v2\/posts\/45608\/revisions"}],"predecessor-version":[{"id":45609,"href":"https:\/\/fcr1899.com\/tr\/wp-json\/wp\/v2\/posts\/45608\/revisions\/45609"}],"wp:featuredmedia":[{"embeddable":true,"href":"https:\/\/fcr1899.com\/tr\/wp-json\/wp\/v2\/media\/44153"}],"wp:attachment":[{"href":"https:\/\/fcr1899.com\/tr\/wp-json\/wp\/v2\/media?parent=45608"}],"wp:term":[{"taxonomy":"category","embeddable":true,"href":"https:\/\/fcr1899.com\/tr\/wp-json\/wp\/v2\/categories?post=45608"},{"taxonomy":"post_tag","embeddable":true,"href":"https:\/\/fcr1899.com\/tr\/wp-json\/wp\/v2\/tags?post=45608"}],"curies":[{"name":"wp","href":"https:\/\/api.w.org\/{rel}","templated":true}]}}