{"id":45316,"date":"2026-02-19T19:19:19","date_gmt":"2026-02-19T18:19:19","guid":{"rendered":"https:\/\/fcr1899.com\/?p=45316"},"modified":"2026-03-12T06:55:22","modified_gmt":"2026-03-12T05:55:22","slug":"fcr-vs-le-puy-pratik-bilgiler","status":"publish","type":"post","link":"https:\/\/fcr1899.com\/tr\/fcr-vs-le-puy-pratik-bilgiler\/","title":{"rendered":"FCR vs Le Puy: pratik bilgiler"},"content":{"rendered":"<p>Yar\u0131n Diochon&#8217;a gitmeden \u00f6nce bilmeniz gereken her \u015fey:<\/p>\n<p>&nbsp;<\/p>\n<p>Aktar\u0131m ma\u00e7\u0131!<\/p>\n<p>Bir yak\u0131n\u0131n\u0131z\u0131 davet ederek FCR&#8217;ye olan tutkunuzu onunla payla\u015fmak i\u00e7in m\u00fckemmel bir f\u0131rsat.<\/p>\n<p>O halde atk\u0131lar\u0131n\u0131z\u0131, formalar\u0131n\u0131z\u0131 ve hat\u0131ralar\u0131n\u0131z\u0131 yan\u0131n\u0131zda getirin. \u00c7\u00fcnk\u00fc bu ma\u00e7 sadece bir spor kar\u015f\u0131la\u015fmas\u0131 de\u011fil, payla\u015f\u0131m an\u0131, kul\u00fcb\u00fcm\u00fcz\u00fcn temsil etti\u011fi \u015feyin g\u00fc\u00e7l\u00fc bir sembol\u00fc olacak: pop\u00fcler, ailevi, zamans\u0131z bir tutku.<\/p>\n<p>&nbsp;<\/p>\n<p>Bu vesileyle, aktar\u0131m ma\u00e7\u0131 trib\u00fcnleri i\u00e7in tek fiyat uygulanacakt\u0131r:<\/p>\n<p>* Horlaville trib\u00fcn\u00fc (numaral\u0131 koltuklar): 10 \u20ac KDV dahil<\/p>\n<p>* Lenoble Trib\u00fcn\u00fc (blok baz\u0131nda serbest yer se\u00e7imi): 7 \u20ac KDV dahil<\/p>\n<p>* Z\u00e9nith Trib\u00fcn\u00fc (serbest yer se\u00e7imi): 5 \u20ac KDV dahil<\/p>\n<p>\u2013 Eski oyuncular imza da\u011f\u0131tacak<\/p>\n<p>\u2013 Taraftarlar, oyuncular\u0131n giri\u015fine \u00f6zel eri\u015fim imkan\u0131na sahip olacak<\/p>\n<p>\u2013 Oyuncular bu etkinlik i\u00e7in \u00f6zel formalar giyecek<\/p>\n<p>&nbsp;<\/p>\n<p>Yeni Diochon giri\u015fi<\/p>\n<p>Horlaville trib\u00fcn\u00fcne eri\u015fim = Pierre Lefran\u00e7ois caddesinden giri\u015f.<\/p>\n<p>Lenoble trib\u00fcn\u00fcne eri\u015fim = B Avenue de Canadiens giri\u015finden.<\/p>\n<p>Z\u00e9nith trib\u00fcn\u00fcne eri\u015fim = A Avenue des Canadiens giri\u015finden.<\/p>\n<p>&nbsp;<\/p>\n<p>\u26a0\ud835\udde3\ud835\uddee\ud835\ude00 \ud835\uddf1&#8217;\ud835\uddee\ud835\uddf0\ud835\uddf0\ud835\uddf2\u0300\ud835\ude00 \ud835\uddf2\ud835\uddfb\ud835\ude01\ud835\uddff\ud835\uddf2 trib\u00fcnler<\/p>\n<p>Lenoble trib\u00fcn\u00fcnden Z\u00e9nith veya Horlaville trib\u00fcnlerine ula\u015fmak art\u0131k m\u00fcmk\u00fcn de\u011fildir!<\/p>\n<p>Z\u00e9nith trib\u00fcn\u00fcnden Horlaville trib\u00fcn\u00fcne ula\u015fmak da art\u0131k m\u00fcmk\u00fcn de\u011fildir.<\/p>\n<p>Herkesin g\u00fcvenli\u011fini sa\u011flamak amac\u0131yla, Lenoble trib\u00fcn\u00fcndeki taraftarlardan ma\u00e7 s\u0131ras\u0131nda merdivenlere oturmamalar\u0131n\u0131 rica ediyoruz. T\u00fcm taraftarlardan biletlerinde belirtilen yerlere oturmalar\u0131n\u0131 ve merdivenlere oturmamalar\u0131n\u0131 rica ediyoruz.<\/p>\n<p>&nbsp;<\/p>\n<p>\ud835\uddd5\ud835\uddf6\ud835\uddf9\ud835\uddf9\ud835\uddf2\ud835\ude01\ud835\ude01\ud835\uddf2\ud835\uddff\ud835\uddf6\ud835\uddf2<\/p>\n<p>Gi\u015feler saat 18:00&#8217;den itibaren a\u00e7\u0131lacakt\u0131r.<\/p>\n<p>Misafir bilet gi\u015fesi saat 18:30&#8217;dan itibaren a\u00e7\u0131lacakt\u0131r.<\/p>\n<p>Online bilet gi\u015fesinden sezon ortas\u0131 aboneli\u011fi sat\u0131n alanlar, abonelik kartlar\u0131n\u0131 1 numaral\u0131 emanet odas\u0131ndan alabilirler.<\/p>\n<p>&nbsp;<\/p>\n<p>\ud835\uddd6\ud835\uddfc\ud835\uddfb\ud835\ude00\ud835\uddf6\ud835\uddf4\ud835\uddfb\ud835\uddf2<\/p>\n<p>Bu ma\u00e7 s\u0131ras\u0131nda Lenoble trib\u00fcn\u00fc alt\u0131ndaki 1 numaral\u0131 emanet odas\u0131nda FCR taraftar emanet odas\u0131 a\u00e7\u0131lacakt\u0131r.<\/p>\n<p>&nbsp;<\/p>\n<p>\ud835\uddd8\ud835\uddfa\ud835\uddfd\ud835\uddf9\ud835\uddee\ud835\uddf0\ud835\uddf2\ud835\uddfa\ud835\uddf2\ud835\uddfb\ud835\ude01 \ud835\uddf1\ud835\uddee\ud835\uddfb\ud835\ude00 \ud835\uddf9\ud835\uddf2 \ud835\ude00\ud835\ude01\ud835\uddee\ud835\uddf1\ud835\uddf2<\/p>\n<p>Z\u00e9nith ve Lenoble trib\u00fcnlerinde se\u00e7ilen blokta yerler serbesttir.<\/p>\n<p>Horlaville&#8217;de yerler numaraland\u0131r\u0131lm\u0131\u015ft\u0131r. Trib\u00fcn dolu oldu\u011fundan, l\u00fctfen biletinizde belirtilen yeri kullan\u0131n.<\/p>\n<p>G\u00fcvenlik g\u00f6revlileri size yol g\u00f6stermek ve stadyumda do\u011fru yeri buldu\u011funuzu kontrol etmek i\u00e7in haz\u0131r bulunacakt\u0131r.<\/p>\n<p>Ayr\u0131ca, seyircilerin farkl\u0131 trib\u00fcnlerdeki kad\u0131n ve erkek tuvaletlerini kullanmaya \u00f6zen g\u00f6stermelerini hat\u0131rlat\u0131r\u0131z.<\/p>\n<p>&nbsp;<\/p>\n<p>\ud835\uddd4\ud835\uddfb\ud835\uddf6\ud835\uddfa\ud835\uddee\ud835\ude01\ud835\uddf6\ud835\uddfc\ud835\uddfb\ud835\ude00 \ud835\uddfa\ud835\uddee\ud835\ude01\ud835\uddf0\ud835\uddf5<\/p>\n<p>Ma\u00e7 s\u0131ras\u0131nda Diablo ile foto\u011fraf ve selfie \u00e7ekilebilirsiniz.<\/p>\n<p>Mont Saint Aignan ve Isneauville kul\u00fcplerinin kat\u0131l\u0131m\u0131yla McDonald&#8217;s devre aras\u0131 yar\u0131\u015fmalar\u0131.<\/p>\n<p>&nbsp;<\/p>\n<p>\ud835\udde7\ud835\uddff\ud835\uddee\ud835\uddfb\ud835\ude00\ud835\uddfd\ud835\uddfc\ud835\uddff\ud835\ude01<\/p>\n<p>Ortakl\u0131\u011f\u0131m\u0131z Iko ile ara\u00e7 payla\u015f\u0131m\u0131n\u0131 tercih edin: https:\/\/www.iko-app.fr\/<\/p>\n<p>Veya R\u00e9seau Astuce ile toplu ta\u015f\u0131ma ara\u00e7lar\u0131n\u0131 kullan\u0131n.<\/p>\n<p>R\u00e9seau Astuce ile ula\u015f\u0131m, Metropol taraf\u0131ndan ma\u00e7tan 2 saat \u00f6nce ve 2 saat sonra bilet \/ e-bilet veya abonman kart\u0131 ibraz\u0131 kar\u015f\u0131l\u0131\u011f\u0131nda \u00fccretsizdir.<\/p>\n<p>&nbsp;<\/p>\n<p>\ud835\uddd4\ud835\uddf0\ud835\uddf0\ud835\ude02\ud835\uddf2\ud835\uddf6\ud835\uddf9 \u201c\ud835\uddf1\ud835\uddfc\ud835\ude06\ud835\uddf2\ud835\uddfb\ud835\ude00\u201d<\/p>\n<p>Yaln\u0131zca Horlaville&#8217;de Doyen aboneli\u011fi alan k\u0131demli aboneler i\u00e7in, &#8211; \ud835\ude35\ud835\ude33\ud835\ude2a\ud835\ude23\ud835\ude36\ud835\ude2f\ud835\ude26 \ud835\ude0f\ud835\ude30\ud835\ude33\ud835\ude2d\ud835\ude22\ud835\ude37\ud835\ude2a\ud835\ude2d\ud835\ude2d\ud835\ude26 \ud835\ude23\ud835\ude2d\ud835\ude30\ud835\ude24 \ud835\ude0e adresine giderek \u00f6zel kar\u015f\u0131lama hizmetinden il d\u00e9di\u00e9.<\/p>\n<p>&nbsp;<\/p>\n<p>\ud835\uddd5\ud835\uddfc\ud835\ude02\ud835\ude01\ud835\uddf6\ud835\uddfe\ud835\ude02\ud835\uddf2 : FC Rouen&#8217;in yeni formalar\u0131 bu ma\u00e7ta sat\u0131\u015fa sunulacak! \ud83d\udd34\u26aa<\/p>\n<p>\ud83c\udff7\ufe0f Mevcut fiyatlar ve se\u00e7enekler:<\/p>\n<p>Sadece forma: 49 \u20ac<\/p>\n<p>Forma + milli tak\u0131m yamas\u0131: 54 \u20ac<\/p>\n<p>Forma + milli tak\u0131m yamas\u0131 + oyuncu + numara: 66 \u20ac<\/p>\n<p>Forma + milli tak\u0131m yamas\u0131 + ki\u015fiselle\u015ftirme + numara: 69 \u20ac<\/p>\n<p>&nbsp;<\/p>\n<p>\ud83d\udecd\ufe0f Flokajlar sadece Lenoble sat\u0131\u015f noktas\u0131nda mevcuttur.<\/p>\n<p>&nbsp;<\/p>\n<p>Ma\u00e7\u0131n sonunda, Lenoble ma\u011fazas\u0131 t\u00fcm taraftarlar\u0131m\u0131z\u0131n FCR \u00fcr\u00fcnlerine eri\u015febilmesi ve en sevdikleri oyuncular\u0131n resimleriyle formalar\u0131n\u0131 bask\u0131 yapt\u0131rabilmesi i\u00e7in a\u00e7\u0131k kalacakt\u0131r \u2014 avenue des Canadiens&#8217;deki d\u0131\u015f giri\u015ften.<\/p>\n<p>&nbsp;<\/p>\n<p>Ma\u00e7 \u00f6ncesi Lenoble ve Horlaville ma\u011fazalar\u0131nda imza seans\u0131.<\/p>\n<p>&nbsp;<\/p>\n<p>Kap\u0131lar\u0131n a\u00e7\u0131lmas\u0131: 18:00<\/p>\n<p>Ma\u00e7\u0131n ba\u015flama saati: 19:30<\/p>\n<p>&nbsp;<\/p>\n<p>Her zamanki gibi, stadyuma giri\u015fin daha h\u0131zl\u0131 olmas\u0131 i\u00e7in m\u00fcmk\u00fcn oldu\u011funca erken gelmeyi unutmay\u0131n.<\/p>\n<p>&nbsp;<\/p>\n<p>Herkese iyi ma\u00e7lar!<\/p>\n","protected":false},"excerpt":{"rendered":"<p>Yar\u0131n Diochon&#8217;a gitmeden \u00f6nce bilmeniz gereken her \u015fey: &nbsp; Aktar\u0131m ma\u00e7\u0131! Bir yak\u0131n\u0131n\u0131z\u0131 davet ederek FCR&#8217;ye olan tutkunuzu onunla payla\u015fmak i\u00e7in m\u00fckemmel bir f\u0131rsat. O halde atk\u0131lar\u0131n\u0131z\u0131, formalar\u0131n\u0131z\u0131 ve hat\u0131ralar\u0131n\u0131z\u0131 yan\u0131n\u0131zda getirin. \u00c7\u00fcnk\u00fc bu ma\u00e7 sadece bir spor kar\u015f\u0131la\u015fmas\u0131 de\u011fil, payla\u015f\u0131m an\u0131, kul\u00fcb\u00fcm\u00fcz\u00fcn temsil etti\u011fi \u015feyin g\u00fc\u00e7l\u00fc bir sembol\u00fc olacak: pop\u00fcler, ailevi, zamans\u0131z bir tutku. [&hellip;]<\/p>\n","protected":false},"author":2,"featured_media":42925,"comment_status":"closed","ping_status":"closed","sticky":false,"template":"","format":"standard","meta":{"_acf_changed":false,"footnotes":""},"categories":[91,92],"tags":[],"class_list":["post-45316","post","type-post","status-publish","format-standard","has-post-thumbnail","hentry","category-haberler-tr","category-destekciler-tr"],"acf":[],"_links":{"self":[{"href":"https:\/\/fcr1899.com\/tr\/wp-json\/wp\/v2\/posts\/45316","targetHints":{"allow":["GET"]}}],"collection":[{"href":"https:\/\/fcr1899.com\/tr\/wp-json\/wp\/v2\/posts"}],"about":[{"href":"https:\/\/fcr1899.com\/tr\/wp-json\/wp\/v2\/types\/post"}],"author":[{"embeddable":true,"href":"https:\/\/fcr1899.com\/tr\/wp-json\/wp\/v2\/users\/2"}],"replies":[{"embeddable":true,"href":"https:\/\/fcr1899.com\/tr\/wp-json\/wp\/v2\/comments?post=45316"}],"version-history":[{"count":1,"href":"https:\/\/fcr1899.com\/tr\/wp-json\/wp\/v2\/posts\/45316\/revisions"}],"predecessor-version":[{"id":45317,"href":"https:\/\/fcr1899.com\/tr\/wp-json\/wp\/v2\/posts\/45316\/revisions\/45317"}],"wp:featuredmedia":[{"embeddable":true,"href":"https:\/\/fcr1899.com\/tr\/wp-json\/wp\/v2\/media\/42925"}],"wp:attachment":[{"href":"https:\/\/fcr1899.com\/tr\/wp-json\/wp\/v2\/media?parent=45316"}],"wp:term":[{"taxonomy":"category","embeddable":true,"href":"https:\/\/fcr1899.com\/tr\/wp-json\/wp\/v2\/categories?post=45316"},{"taxonomy":"post_tag","embeddable":true,"href":"https:\/\/fcr1899.com\/tr\/wp-json\/wp\/v2\/tags?post=45316"}],"curies":[{"name":"wp","href":"https:\/\/api.w.org\/{rel}","templated":true}]}}