{"id":38466,"date":"2025-11-20T12:07:46","date_gmt":"2025-11-20T11:07:46","guid":{"rendered":"https:\/\/fcr1899.com\/?p=38466"},"modified":"2025-11-26T06:24:57","modified_gmt":"2025-11-26T05:24:57","slug":"dernegin-22-ve-23-kasim-2025-programi","status":"publish","type":"post","link":"https:\/\/fcr1899.com\/tr\/dernegin-22-ve-23-kasim-2025-programi\/","title":{"rendered":"Derne\u011fin 22 ve 23 Kas\u0131m 2025 program\u0131"},"content":{"rendered":"<p>Kad\u0131nlar ve dernek tak\u0131mlar\u0131m\u0131z\u0131n hafta sonu program\u0131n\u0131 ke\u015ffedin.<\/p>\n<h3>15 Kas\u0131m Cumartesi<\/h3>\n<p><strong>Senior R1:<\/strong> Lisieux&#8217;ya 19:15&#8217;te hareket.<\/p>\n<p><strong>Senior R1F:<\/strong> Cherbourg&#8217;u 18:00&#8217;da a\u011f\u0131rlama.<\/p>\n<p><strong>U18 &#8211; Gambardella:<\/strong> Saat 15:00&#8217;te La Maladrerie&#8217;ye deplasman.<\/p>\n<p><strong>U18 D2:<\/strong> Saat 14:30&#8217;da Petit-Couronne&#8217;u a\u011f\u0131rlama.<\/p>\n<h3>16 Kas\u0131m Pazar<\/h3>\n<p><strong>Senior R2F:<\/strong> Saat 10:00&#8217;da Ifs&#8217;e deplasman.<\/p>\n<h3>Dinlenme\/muafiyet<\/h3>\n<p><strong>U16 R2<\/strong><\/p>\n<p><strong>U15 R1<\/strong><\/p>\n<p><strong>U14 B\u00f6lgesel<\/strong><\/p>\n","protected":false},"excerpt":{"rendered":"<p>Kad\u0131nlar ve dernek tak\u0131mlar\u0131m\u0131z\u0131n hafta sonu program\u0131n\u0131 ke\u015ffedin. 15 Kas\u0131m Cumartesi Senior R1: Lisieux&#8217;ya 19:15&#8217;te hareket. Senior R1F: Cherbourg&#8217;u 18:00&#8217;da a\u011f\u0131rlama. U18 &#8211; Gambardella: Saat 15:00&#8217;te La Maladrerie&#8217;ye deplasman. U18 D2: Saat 14:30&#8217;da Petit-Couronne&#8217;u a\u011f\u0131rlama. 16 Kas\u0131m Pazar Senior R2F: Saat 10:00&#8217;da Ifs&#8217;e deplasman. Dinlenme\/muafiyet U16 R2 U15 R1 U14 B\u00f6lgesel<\/p>\n","protected":false},"author":2,"featured_media":38229,"comment_status":"closed","ping_status":"closed","sticky":false,"template":"","format":"standard","meta":{"_acf_changed":false,"footnotes":""},"categories":[91],"tags":[],"class_list":["post-38466","post","type-post","status-publish","format-standard","has-post-thumbnail","hentry","category-haberler-tr"],"acf":[],"_links":{"self":[{"href":"https:\/\/fcr1899.com\/tr\/wp-json\/wp\/v2\/posts\/38466","targetHints":{"allow":["GET"]}}],"collection":[{"href":"https:\/\/fcr1899.com\/tr\/wp-json\/wp\/v2\/posts"}],"about":[{"href":"https:\/\/fcr1899.com\/tr\/wp-json\/wp\/v2\/types\/post"}],"author":[{"embeddable":true,"href":"https:\/\/fcr1899.com\/tr\/wp-json\/wp\/v2\/users\/2"}],"replies":[{"embeddable":true,"href":"https:\/\/fcr1899.com\/tr\/wp-json\/wp\/v2\/comments?post=38466"}],"version-history":[{"count":1,"href":"https:\/\/fcr1899.com\/tr\/wp-json\/wp\/v2\/posts\/38466\/revisions"}],"predecessor-version":[{"id":38467,"href":"https:\/\/fcr1899.com\/tr\/wp-json\/wp\/v2\/posts\/38466\/revisions\/38467"}],"wp:featuredmedia":[{"embeddable":true,"href":"https:\/\/fcr1899.com\/tr\/wp-json\/wp\/v2\/media\/38229"}],"wp:attachment":[{"href":"https:\/\/fcr1899.com\/tr\/wp-json\/wp\/v2\/media?parent=38466"}],"wp:term":[{"taxonomy":"category","embeddable":true,"href":"https:\/\/fcr1899.com\/tr\/wp-json\/wp\/v2\/categories?post=38466"},{"taxonomy":"post_tag","embeddable":true,"href":"https:\/\/fcr1899.com\/tr\/wp-json\/wp\/v2\/tags?post=38466"}],"curies":[{"name":"wp","href":"https:\/\/api.w.org\/{rel}","templated":true}]}}