{"id":37994,"date":"2025-11-07T11:57:39","date_gmt":"2025-11-07T10:57:39","guid":{"rendered":"https:\/\/fcr1899.com\/?p=37994"},"modified":"2025-11-10T14:05:20","modified_gmt":"2025-11-10T13:05:20","slug":"dernegin-8-ve-9-kasim-2025-programi","status":"publish","type":"post","link":"https:\/\/fcr1899.com\/tr\/dernegin-8-ve-9-kasim-2025-programi\/","title":{"rendered":"Derne\u011fin 8 ve 9 Kas\u0131m 2025 program\u0131"},"content":{"rendered":"<p>Kad\u0131nlar ve dernek tak\u0131mlar\u0131m\u0131z\u0131n hafta sonu program\u0131n\u0131 ke\u015ffedin.<\/p>\n<h3>1 Kas\u0131m Cumartesi<\/h3>\n<p><strong>Senior R1:<\/strong> ASPTT Caen&#8217;i saat 19:00&#8217;da a\u011f\u0131rlayacak.<\/p>\n<p><strong>U18 R1:<\/strong> Saat 15:15&#8217;te Avranches&#8217;a gidecek.<\/p>\n<p><strong>U15 R1:<\/strong> Saat 15:15&#8217;te Yvetot&#8217;u a\u011f\u0131rlayacak.<\/p>\n<p><strong>U14 B\u00f6lgesel:<\/strong> Saat 15:15&#8217;te Flers&#8217;e gidecek.<\/p>\n<h3>2 Kas\u0131m Pazar<\/h3>\n<p><strong>Senior R1F:<\/strong> Saint-L\u00f4&#8217;ya 14:30&#8217;da deplasman.<\/p>\n<p><strong>Senior R2F:<\/strong> Mont-Saint-Aignan&#8217;\u0131 14:30&#8217;da a\u011f\u0131rlama.<\/p>\n<p><strong>U16 R2:<\/strong> Yvetot&#8217;u 10:00&#8217;da a\u011f\u0131rlama.<\/p>\n<h3>Dinlenme\/muafiyet<\/h3>\n<p><strong>U18 B<\/strong><\/p>\n","protected":false},"excerpt":{"rendered":"<p>Kad\u0131nlar ve dernek tak\u0131mlar\u0131m\u0131z\u0131n hafta sonu program\u0131n\u0131 ke\u015ffedin. 1 Kas\u0131m Cumartesi Senior R1: ASPTT Caen&#8217;i saat 19:00&#8217;da a\u011f\u0131rlayacak. U18 R1: Saat 15:15&#8217;te Avranches&#8217;a gidecek. U15 R1: Saat 15:15&#8217;te Yvetot&#8217;u a\u011f\u0131rlayacak. U14 B\u00f6lgesel: Saat 15:15&#8217;te Flers&#8217;e gidecek. 2 Kas\u0131m Pazar Senior R1F: Saint-L\u00f4&#8217;ya 14:30&#8217;da deplasman. Senior R2F: Mont-Saint-Aignan&#8217;\u0131 14:30&#8217;da a\u011f\u0131rlama. U16 R2: Yvetot&#8217;u 10:00&#8217;da a\u011f\u0131rlama. Dinlenme\/muafiyet [&hellip;]<\/p>\n","protected":false},"author":2,"featured_media":37951,"comment_status":"closed","ping_status":"closed","sticky":false,"template":"","format":"standard","meta":{"_acf_changed":false,"footnotes":""},"categories":[91],"tags":[],"class_list":["post-37994","post","type-post","status-publish","format-standard","has-post-thumbnail","hentry","category-haberler-tr"],"acf":[],"_links":{"self":[{"href":"https:\/\/fcr1899.com\/tr\/wp-json\/wp\/v2\/posts\/37994","targetHints":{"allow":["GET"]}}],"collection":[{"href":"https:\/\/fcr1899.com\/tr\/wp-json\/wp\/v2\/posts"}],"about":[{"href":"https:\/\/fcr1899.com\/tr\/wp-json\/wp\/v2\/types\/post"}],"author":[{"embeddable":true,"href":"https:\/\/fcr1899.com\/tr\/wp-json\/wp\/v2\/users\/2"}],"replies":[{"embeddable":true,"href":"https:\/\/fcr1899.com\/tr\/wp-json\/wp\/v2\/comments?post=37994"}],"version-history":[{"count":1,"href":"https:\/\/fcr1899.com\/tr\/wp-json\/wp\/v2\/posts\/37994\/revisions"}],"predecessor-version":[{"id":37995,"href":"https:\/\/fcr1899.com\/tr\/wp-json\/wp\/v2\/posts\/37994\/revisions\/37995"}],"wp:featuredmedia":[{"embeddable":true,"href":"https:\/\/fcr1899.com\/tr\/wp-json\/wp\/v2\/media\/37951"}],"wp:attachment":[{"href":"https:\/\/fcr1899.com\/tr\/wp-json\/wp\/v2\/media?parent=37994"}],"wp:term":[{"taxonomy":"category","embeddable":true,"href":"https:\/\/fcr1899.com\/tr\/wp-json\/wp\/v2\/categories?post=37994"},{"taxonomy":"post_tag","embeddable":true,"href":"https:\/\/fcr1899.com\/tr\/wp-json\/wp\/v2\/tags?post=37994"}],"curies":[{"name":"wp","href":"https:\/\/api.w.org\/{rel}","templated":true}]}}