{"id":37942,"date":"2025-11-05T09:08:46","date_gmt":"2025-11-05T08:08:46","guid":{"rendered":"https:\/\/fcr1899.com\/?p=37942"},"modified":"2025-11-05T09:08:47","modified_gmt":"2025-11-05T08:08:47","slug":"idrissa-seydi-national-liginin-eylul-ayi-oyuncusu-secildi","status":"publish","type":"post","link":"https:\/\/fcr1899.com\/tr\/idrissa-seydi-national-liginin-eylul-ayi-oyuncusu-secildi\/","title":{"rendered":"Idrissa Seydi, National liginin Eyl\u00fcl ay\u0131 oyuncusu se\u00e7ildi"},"content":{"rendered":"<p>Idrissa Seydi, Cumartesi g\u00fcn\u00fc National liginin Eyl\u00fcl ay\u0131 oyuncusu \u00f6d\u00fcl\u00fcn\u00fc ald\u0131.<\/p>\n<p>\u00d6d\u00fcl, hak etti\u011fi \u015fekilde kutland\u0131.<\/p>\n<div id='gallery-1' class='gallery galleryid-37942 gallery-columns-3 gallery-size-full'><figure class='gallery-item'>\n\t\t\t<div class='gallery-icon landscape'>\n\t\t\t\t<a href='https:\/\/fcr1899.com\/tr\/idrissa-seydi-national-liginin-eylul-ayi-oyuncusu-secildi\/whatsapp-image-2025-11-02-a-05-03-53_01b590a5-2\/'><img loading=\"lazy\" decoding=\"async\" width=\"1600\" height=\"1066\" src=\"https:\/\/fcr1899.com\/wp-content\/uploads\/2025\/11\/WhatsApp-Image-2025-11-02-a-05.03.53_01b590a5.jpg\" class=\"attachment-full size-full\" alt=\"\" srcset=\"https:\/\/fcr1899.com\/wp-content\/uploads\/2025\/11\/WhatsApp-Image-2025-11-02-a-05.03.53_01b590a5.jpg 1600w, https:\/\/fcr1899.com\/wp-content\/uploads\/2025\/11\/WhatsApp-Image-2025-11-02-a-05.03.53_01b590a5-300x200.jpg 300w, https:\/\/fcr1899.com\/wp-content\/uploads\/2025\/11\/WhatsApp-Image-2025-11-02-a-05.03.53_01b590a5-1024x682.jpg 1024w, https:\/\/fcr1899.com\/wp-content\/uploads\/2025\/11\/WhatsApp-Image-2025-11-02-a-05.03.53_01b590a5-768x512.jpg 768w, https:\/\/fcr1899.com\/wp-content\/uploads\/2025\/11\/WhatsApp-Image-2025-11-02-a-05.03.53_01b590a5-1536x1023.jpg 1536w\" sizes=\"auto, (max-width: 1600px) 100vw, 1600px\" \/><\/a>\n\t\t\t<\/div><\/figure><figure class='gallery-item'>\n\t\t\t<div class='gallery-icon portrait'>\n\t\t\t\t<a href='https:\/\/fcr1899.com\/tr\/idrissa-seydi-national-liginin-eylul-ayi-oyuncusu-secildi\/whatsapp-image-2025-11-02-a-05-07-26_ac260e18-2\/'><img loading=\"lazy\" decoding=\"async\" width=\"1066\" height=\"1600\" src=\"https:\/\/fcr1899.com\/wp-content\/uploads\/2025\/11\/WhatsApp-Image-2025-11-02-a-05.07.26_ac260e18.jpg\" class=\"attachment-full size-full\" alt=\"\" srcset=\"https:\/\/fcr1899.com\/wp-content\/uploads\/2025\/11\/WhatsApp-Image-2025-11-02-a-05.07.26_ac260e18.jpg 1066w, https:\/\/fcr1899.com\/wp-content\/uploads\/2025\/11\/WhatsApp-Image-2025-11-02-a-05.07.26_ac260e18-200x300.jpg 200w, https:\/\/fcr1899.com\/wp-content\/uploads\/2025\/11\/WhatsApp-Image-2025-11-02-a-05.07.26_ac260e18-682x1024.jpg 682w, https:\/\/fcr1899.com\/wp-content\/uploads\/2025\/11\/WhatsApp-Image-2025-11-02-a-05.07.26_ac260e18-768x1153.jpg 768w, https:\/\/fcr1899.com\/wp-content\/uploads\/2025\/11\/WhatsApp-Image-2025-11-02-a-05.07.26_ac260e18-1023x1536.jpg 1023w\" sizes=\"auto, (max-width: 1066px) 100vw, 1066px\" \/><\/a>\n\t\t\t<\/div><\/figure><figure class='gallery-item'>\n\t\t\t<div class='gallery-icon portrait'>\n\t\t\t\t<a href='https:\/\/fcr1899.com\/tr\/idrissa-seydi-national-liginin-eylul-ayi-oyuncusu-secildi\/whatsapp-image-2025-11-02-a-05-25-01_8e3a0b51-2\/'><img loading=\"lazy\" decoding=\"async\" width=\"1066\" height=\"1600\" src=\"https:\/\/fcr1899.com\/wp-content\/uploads\/2025\/11\/WhatsApp-Image-2025-11-02-a-05.25.01_8e3a0b51.jpg\" class=\"attachment-full size-full\" alt=\"\" srcset=\"https:\/\/fcr1899.com\/wp-content\/uploads\/2025\/11\/WhatsApp-Image-2025-11-02-a-05.25.01_8e3a0b51.jpg 1066w, https:\/\/fcr1899.com\/wp-content\/uploads\/2025\/11\/WhatsApp-Image-2025-11-02-a-05.25.01_8e3a0b51-200x300.jpg 200w, https:\/\/fcr1899.com\/wp-content\/uploads\/2025\/11\/WhatsApp-Image-2025-11-02-a-05.25.01_8e3a0b51-682x1024.jpg 682w, https:\/\/fcr1899.com\/wp-content\/uploads\/2025\/11\/WhatsApp-Image-2025-11-02-a-05.25.01_8e3a0b51-768x1153.jpg 768w, https:\/\/fcr1899.com\/wp-content\/uploads\/2025\/11\/WhatsApp-Image-2025-11-02-a-05.25.01_8e3a0b51-1023x1536.jpg 1023w\" sizes=\"auto, (max-width: 1066px) 100vw, 1066px\" \/><\/a>\n\t\t\t<\/div><\/figure><figure class='gallery-item'>\n\t\t\t<div class='gallery-icon portrait'>\n\t\t\t\t<a href='https:\/\/fcr1899.com\/tr\/idrissa-seydi-national-liginin-eylul-ayi-oyuncusu-secildi\/whatsapp-image-2025-11-02-a-05-25-07_33c98354-2\/'><img loading=\"lazy\" decoding=\"async\" width=\"1066\" height=\"1600\" src=\"https:\/\/fcr1899.com\/wp-content\/uploads\/2025\/11\/WhatsApp-Image-2025-11-02-a-05.25.07_33c98354.jpg\" class=\"attachment-full size-full\" alt=\"\" srcset=\"https:\/\/fcr1899.com\/wp-content\/uploads\/2025\/11\/WhatsApp-Image-2025-11-02-a-05.25.07_33c98354.jpg 1066w, https:\/\/fcr1899.com\/wp-content\/uploads\/2025\/11\/WhatsApp-Image-2025-11-02-a-05.25.07_33c98354-200x300.jpg 200w, https:\/\/fcr1899.com\/wp-content\/uploads\/2025\/11\/WhatsApp-Image-2025-11-02-a-05.25.07_33c98354-682x1024.jpg 682w, https:\/\/fcr1899.com\/wp-content\/uploads\/2025\/11\/WhatsApp-Image-2025-11-02-a-05.25.07_33c98354-768x1153.jpg 768w, https:\/\/fcr1899.com\/wp-content\/uploads\/2025\/11\/WhatsApp-Image-2025-11-02-a-05.25.07_33c98354-1023x1536.jpg 1023w\" sizes=\"auto, (max-width: 1066px) 100vw, 1066px\" \/><\/a>\n\t\t\t<\/div><\/figure><figure class='gallery-item'>\n\t\t\t<div class='gallery-icon portrait'>\n\t\t\t\t<a href='https:\/\/fcr1899.com\/tr\/idrissa-seydi-national-liginin-eylul-ayi-oyuncusu-secildi\/whatsapp-image-2025-11-02-a-05-25-08_04370b5b-2\/'><img loading=\"lazy\" decoding=\"async\" width=\"1066\" height=\"1600\" src=\"https:\/\/fcr1899.com\/wp-content\/uploads\/2025\/11\/WhatsApp-Image-2025-11-02-a-05.25.08_04370b5b.jpg\" class=\"attachment-full size-full\" alt=\"\" srcset=\"https:\/\/fcr1899.com\/wp-content\/uploads\/2025\/11\/WhatsApp-Image-2025-11-02-a-05.25.08_04370b5b.jpg 1066w, https:\/\/fcr1899.com\/wp-content\/uploads\/2025\/11\/WhatsApp-Image-2025-11-02-a-05.25.08_04370b5b-200x300.jpg 200w, https:\/\/fcr1899.com\/wp-content\/uploads\/2025\/11\/WhatsApp-Image-2025-11-02-a-05.25.08_04370b5b-682x1024.jpg 682w, https:\/\/fcr1899.com\/wp-content\/uploads\/2025\/11\/WhatsApp-Image-2025-11-02-a-05.25.08_04370b5b-768x1153.jpg 768w, https:\/\/fcr1899.com\/wp-content\/uploads\/2025\/11\/WhatsApp-Image-2025-11-02-a-05.25.08_04370b5b-1023x1536.jpg 1023w\" sizes=\"auto, (max-width: 1066px) 100vw, 1066px\" \/><\/a>\n\t\t\t<\/div><\/figure><figure class='gallery-item'>\n\t\t\t<div class='gallery-icon landscape'>\n\t\t\t\t<a href='https:\/\/fcr1899.com\/tr\/idrissa-seydi-national-liginin-eylul-ayi-oyuncusu-secildi\/whatsapp-image-2025-11-02-a-05-26-16_f84d8218-2-2\/'><img loading=\"lazy\" decoding=\"async\" width=\"1600\" height=\"1066\" src=\"https:\/\/fcr1899.com\/wp-content\/uploads\/2025\/11\/WhatsApp-Image-2025-11-02-a-05.26.16_f84d8218-1.jpg\" class=\"attachment-full size-full\" alt=\"\" srcset=\"https:\/\/fcr1899.com\/wp-content\/uploads\/2025\/11\/WhatsApp-Image-2025-11-02-a-05.26.16_f84d8218-1.jpg 1600w, https:\/\/fcr1899.com\/wp-content\/uploads\/2025\/11\/WhatsApp-Image-2025-11-02-a-05.26.16_f84d8218-1-300x200.jpg 300w, https:\/\/fcr1899.com\/wp-content\/uploads\/2025\/11\/WhatsApp-Image-2025-11-02-a-05.26.16_f84d8218-1-1024x682.jpg 1024w, https:\/\/fcr1899.com\/wp-content\/uploads\/2025\/11\/WhatsApp-Image-2025-11-02-a-05.26.16_f84d8218-1-768x512.jpg 768w, https:\/\/fcr1899.com\/wp-content\/uploads\/2025\/11\/WhatsApp-Image-2025-11-02-a-05.26.16_f84d8218-1-1536x1023.jpg 1536w\" sizes=\"auto, (max-width: 1600px) 100vw, 1600px\" \/><\/a>\n\t\t\t<\/div><\/figure>\n\t\t<\/div>\n\n","protected":false},"excerpt":{"rendered":"<p>Idrissa Seydi, Cumartesi g\u00fcn\u00fc National liginin Eyl\u00fcl ay\u0131 oyuncusu \u00f6d\u00fcl\u00fcn\u00fc ald\u0131. \u00d6d\u00fcl, hak etti\u011fi \u015fekilde kutland\u0131.<\/p>\n","protected":false},"author":2,"featured_media":37839,"comment_status":"closed","ping_status":"closed","sticky":false,"template":"","format":"standard","meta":{"_acf_changed":false,"footnotes":""},"categories":[90,91],"tags":[],"class_list":["post-37942","post","type-post","status-publish","format-standard","has-post-thumbnail","hentry","category-ulusal-tr","category-haberler-tr"],"acf":[],"_links":{"self":[{"href":"https:\/\/fcr1899.com\/tr\/wp-json\/wp\/v2\/posts\/37942","targetHints":{"allow":["GET"]}}],"collection":[{"href":"https:\/\/fcr1899.com\/tr\/wp-json\/wp\/v2\/posts"}],"about":[{"href":"https:\/\/fcr1899.com\/tr\/wp-json\/wp\/v2\/types\/post"}],"author":[{"embeddable":true,"href":"https:\/\/fcr1899.com\/tr\/wp-json\/wp\/v2\/users\/2"}],"replies":[{"embeddable":true,"href":"https:\/\/fcr1899.com\/tr\/wp-json\/wp\/v2\/comments?post=37942"}],"version-history":[{"count":1,"href":"https:\/\/fcr1899.com\/tr\/wp-json\/wp\/v2\/posts\/37942\/revisions"}],"predecessor-version":[{"id":37943,"href":"https:\/\/fcr1899.com\/tr\/wp-json\/wp\/v2\/posts\/37942\/revisions\/37943"}],"wp:featuredmedia":[{"embeddable":true,"href":"https:\/\/fcr1899.com\/tr\/wp-json\/wp\/v2\/media\/37839"}],"wp:attachment":[{"href":"https:\/\/fcr1899.com\/tr\/wp-json\/wp\/v2\/media?parent=37942"}],"wp:term":[{"taxonomy":"category","embeddable":true,"href":"https:\/\/fcr1899.com\/tr\/wp-json\/wp\/v2\/categories?post=37942"},{"taxonomy":"post_tag","embeddable":true,"href":"https:\/\/fcr1899.com\/tr\/wp-json\/wp\/v2\/tags?post=37942"}],"curies":[{"name":"wp","href":"https:\/\/api.w.org\/{rel}","templated":true}]}}