{"id":37449,"date":"2025-10-16T11:27:07","date_gmt":"2025-10-16T10:27:07","guid":{"rendered":"https:\/\/fcr1899.com\/?p=37449"},"modified":"2025-10-24T09:14:37","modified_gmt":"2025-10-24T08:14:37","slug":"dernegin-18-ve-19-ekim-2025-programi","status":"publish","type":"post","link":"https:\/\/fcr1899.com\/tr\/dernegin-18-ve-19-ekim-2025-programi\/","title":{"rendered":"Derne\u011fin 18 ve 19 Ekim 2025 program\u0131"},"content":{"rendered":"<p>Kad\u0131nlar ve dernek tak\u0131mlar\u0131m\u0131z\u0131n hafta sonu program\u0131n\u0131 ke\u015ffedin.<\/p>\n<p><strong>18 Ekim Cumartesi<\/strong><\/p>\n<p><strong>Senior R1:<\/strong> Saat 18:00&#8217;de Pacy\/M\u00e9nilles&#8217;e deplasman.<\/p>\n<p><strong>U18 R1:<\/strong> Saat 18:00&#8217;de La Maladrerie&#8217;yi a\u011f\u0131rlama.<\/p>\n<p><strong>U15 R1:<\/strong> Saat 15:30&#8217;da Gonfreville&#8217;e deplasman.<\/p>\n<p><strong>U14 B\u00f6lgesel:<\/strong> Saat 12:00&#8217;de Argentan&#8217;\u0131 a\u011f\u0131rlama.<\/p>\n<p><strong>19 Ekim Pazar<\/strong><\/p>\n<p><strong>Senior F &#8211;<\/strong> Coupe de France: Alen\u00e7on&#8217;a saat 13:00&#8217;te deplasman.<\/p>\n<p><strong>U16 R2:<\/strong> Vernon&#8217;a saat 10:00&#8217;te deplasman.<\/p>\n<p><strong>Dinlenme\/muafiyet<\/strong><\/p>\n<p><strong>U18 B<\/strong><\/p>\n<p><strong>Kad\u0131n yedek tak\u0131m\u0131<\/strong><\/p>\n","protected":false},"excerpt":{"rendered":"<p>Kad\u0131nlar ve dernek tak\u0131mlar\u0131m\u0131z\u0131n hafta sonu program\u0131n\u0131 ke\u015ffedin. 18 Ekim Cumartesi Senior R1: Saat 18:00&#8217;de Pacy\/M\u00e9nilles&#8217;e deplasman. U18 R1: Saat 18:00&#8217;de La Maladrerie&#8217;yi a\u011f\u0131rlama. U15 R1: Saat 15:30&#8217;da Gonfreville&#8217;e deplasman. U14 B\u00f6lgesel: Saat 12:00&#8217;de Argentan&#8217;\u0131 a\u011f\u0131rlama. 19 Ekim Pazar Senior F &#8211; Coupe de France: Alen\u00e7on&#8217;a saat 13:00&#8217;te deplasman. U16 R2: Vernon&#8217;a saat 10:00&#8217;te deplasman. [&hellip;]<\/p>\n","protected":false},"author":2,"featured_media":36027,"comment_status":"closed","ping_status":"closed","sticky":false,"template":"","format":"standard","meta":{"_acf_changed":false,"footnotes":""},"categories":[91],"tags":[],"class_list":["post-37449","post","type-post","status-publish","format-standard","has-post-thumbnail","hentry","category-haberler-tr"],"acf":[],"_links":{"self":[{"href":"https:\/\/fcr1899.com\/tr\/wp-json\/wp\/v2\/posts\/37449","targetHints":{"allow":["GET"]}}],"collection":[{"href":"https:\/\/fcr1899.com\/tr\/wp-json\/wp\/v2\/posts"}],"about":[{"href":"https:\/\/fcr1899.com\/tr\/wp-json\/wp\/v2\/types\/post"}],"author":[{"embeddable":true,"href":"https:\/\/fcr1899.com\/tr\/wp-json\/wp\/v2\/users\/2"}],"replies":[{"embeddable":true,"href":"https:\/\/fcr1899.com\/tr\/wp-json\/wp\/v2\/comments?post=37449"}],"version-history":[{"count":1,"href":"https:\/\/fcr1899.com\/tr\/wp-json\/wp\/v2\/posts\/37449\/revisions"}],"predecessor-version":[{"id":37450,"href":"https:\/\/fcr1899.com\/tr\/wp-json\/wp\/v2\/posts\/37449\/revisions\/37450"}],"wp:featuredmedia":[{"embeddable":true,"href":"https:\/\/fcr1899.com\/tr\/wp-json\/wp\/v2\/media\/36027"}],"wp:attachment":[{"href":"https:\/\/fcr1899.com\/tr\/wp-json\/wp\/v2\/media?parent=37449"}],"wp:term":[{"taxonomy":"category","embeddable":true,"href":"https:\/\/fcr1899.com\/tr\/wp-json\/wp\/v2\/categories?post=37449"},{"taxonomy":"post_tag","embeddable":true,"href":"https:\/\/fcr1899.com\/tr\/wp-json\/wp\/v2\/tags?post=37449"}],"curies":[{"name":"wp","href":"https:\/\/api.w.org\/{rel}","templated":true}]}}