{"id":37391,"date":"2025-10-10T13:36:11","date_gmt":"2025-10-10T12:36:11","guid":{"rendered":"https:\/\/fcr1899.com\/?p=37391"},"modified":"2025-10-23T15:33:31","modified_gmt":"2025-10-23T14:33:31","slug":"dernegin-11-ve-12-ekim-2025-programi","status":"publish","type":"post","link":"https:\/\/fcr1899.com\/tr\/dernegin-11-ve-12-ekim-2025-programi\/","title":{"rendered":"Derne\u011fin 11 ve 12 Ekim 2025 program\u0131"},"content":{"rendered":"<p>Kad\u0131nlar ve dernek tak\u0131mlar\u0131m\u0131z\u0131n hafta sonu program\u0131n\u0131 ke\u015ffedin.<\/p>\n<p>11 Ekim Cumartesi<\/p>\n<p>Senior R1: M\u00e9zidon&#8217;u saat 19:00&#8217;da a\u011f\u0131rlayaca\u011f\u0131z. <a href=\"https:\/\/delaunayplus.com\/evenements\/25-26\/football\/regional-1-groupe-a\/fc-rouen-1899-2-usc-mezidon-fc\">Ma\u00e7 Delaunay Plus&#8217;ta yay\u0131nlanacak.<\/a><\/p>\n<p>U18 &#8211; Gambardella: Louviers&#8217;i saat 15:00&#8217;te a\u011f\u0131rlama.<\/p>\n<p>U18 B &#8211; Kupa: Saat 15:30&#8217;da Bihorel&#8217;e deplasman.<\/p>\n<p>U14 &#8211; Dostluk ma\u00e7\u0131: Sotteville&#8217;i saat 11:00&#8217;te a\u011f\u0131rlama.<\/p>\n<p>12 Ekim Pazar<\/p>\n<p>Senior R1F: FC F\u00e9minin Rouen Plateau Est&#8217;e 12:30&#8217;da deplasman.<\/p>\n<p>Senior R2F: Neiges&#8217;i saat 15:00&#8217;te a\u011f\u0131rlama.<\/p>\n<p>U16 &#8211; Kupa: Bois-Guillaume&#8217;yi saat 15:00&#8217;te a\u011f\u0131rlama.<\/p>\n<p>U15 &#8211; Kupa: Mont-Saint-Aignan&#8217;a saat 12:00&#8217;da deplasman.<\/p>\n","protected":false},"excerpt":{"rendered":"<p>Kad\u0131nlar ve dernek tak\u0131mlar\u0131m\u0131z\u0131n hafta sonu program\u0131n\u0131 ke\u015ffedin. 11 Ekim Cumartesi Senior R1: M\u00e9zidon&#8217;u saat 19:00&#8217;da a\u011f\u0131rlayaca\u011f\u0131z. Ma\u00e7 Delaunay Plus&#8217;ta yay\u0131nlanacak. U18 &#8211; Gambardella: Louviers&#8217;i saat 15:00&#8217;te a\u011f\u0131rlama. U18 B &#8211; Kupa: Saat 15:30&#8217;da Bihorel&#8217;e deplasman. U14 &#8211; Dostluk ma\u00e7\u0131: Sotteville&#8217;i saat 11:00&#8217;te a\u011f\u0131rlama. 12 Ekim Pazar Senior R1F: FC F\u00e9minin Rouen Plateau Est&#8217;e 12:30&#8217;da [&hellip;]<\/p>\n","protected":false},"author":2,"featured_media":35525,"comment_status":"closed","ping_status":"closed","sticky":false,"template":"","format":"standard","meta":{"_acf_changed":false,"footnotes":""},"categories":[91],"tags":[],"class_list":["post-37391","post","type-post","status-publish","format-standard","has-post-thumbnail","hentry","category-haberler-tr"],"acf":[],"_links":{"self":[{"href":"https:\/\/fcr1899.com\/tr\/wp-json\/wp\/v2\/posts\/37391","targetHints":{"allow":["GET"]}}],"collection":[{"href":"https:\/\/fcr1899.com\/tr\/wp-json\/wp\/v2\/posts"}],"about":[{"href":"https:\/\/fcr1899.com\/tr\/wp-json\/wp\/v2\/types\/post"}],"author":[{"embeddable":true,"href":"https:\/\/fcr1899.com\/tr\/wp-json\/wp\/v2\/users\/2"}],"replies":[{"embeddable":true,"href":"https:\/\/fcr1899.com\/tr\/wp-json\/wp\/v2\/comments?post=37391"}],"version-history":[{"count":1,"href":"https:\/\/fcr1899.com\/tr\/wp-json\/wp\/v2\/posts\/37391\/revisions"}],"predecessor-version":[{"id":37392,"href":"https:\/\/fcr1899.com\/tr\/wp-json\/wp\/v2\/posts\/37391\/revisions\/37392"}],"wp:featuredmedia":[{"embeddable":true,"href":"https:\/\/fcr1899.com\/tr\/wp-json\/wp\/v2\/media\/35525"}],"wp:attachment":[{"href":"https:\/\/fcr1899.com\/tr\/wp-json\/wp\/v2\/media?parent=37391"}],"wp:term":[{"taxonomy":"category","embeddable":true,"href":"https:\/\/fcr1899.com\/tr\/wp-json\/wp\/v2\/categories?post=37391"},{"taxonomy":"post_tag","embeddable":true,"href":"https:\/\/fcr1899.com\/tr\/wp-json\/wp\/v2\/tags?post=37391"}],"curies":[{"name":"wp","href":"https:\/\/api.w.org\/{rel}","templated":true}]}}