{"id":34542,"date":"2025-09-25T19:00:51","date_gmt":"2025-09-25T18:00:51","guid":{"rendered":"https:\/\/fcr1899.com\/?p=34542"},"modified":"2025-09-29T06:18:50","modified_gmt":"2025-09-29T05:18:50","slug":"23-eylul-sali-gunu-duzenlenen-ortaklar-gecesi","status":"publish","type":"post","link":"https:\/\/fcr1899.com\/tr\/23-eylul-sali-gunu-duzenlenen-ortaklar-gecesi\/","title":{"rendered":"23 Eyl\u00fcl Sal\u0131 g\u00fcn\u00fc d\u00fczenlenen ortaklar gecesi"},"content":{"rendered":"<p>FC Rouen, Ch\u00e2teau de Roumare&#8217;nin ola\u011fan\u00fcst\u00fc ortam\u0131nda, Orangerie&#8217;de, ortaklar\u0131n\u0131 ve kurumsal m\u00fc\u015fterilerini samimi ve ayr\u0131cal\u0131kl\u0131 bir geceye davet etmekten mutluluk duydu.<\/p>\n<p>Bu etkinlik, i\u015fbirliklerimizi kutlamak, g\u00fcnl\u00fck hayat\u0131m\u0131zda bize e\u015flik edenlerle ba\u011flar\u0131m\u0131z\u0131 g\u00fc\u00e7lendirmek ve kul\u00fcb\u00fcn gelece\u011fi i\u00e7in vizyonumuzu ve hedeflerimizi payla\u015fmak i\u00e7in bir f\u0131rsat oldu.<\/p>\n<p>Gecede Silam ve Erisay gruplar\u0131n\u0131n performanslar\u0131, \u015fenlikli ve s\u0131cak bir atmosfer yaratt\u0131. Konuklar\u0131m\u0131z ayr\u0131ca, yeni sezon i\u00e7in resmi olarak tan\u0131t\u0131lan birinci tak\u0131m\u0131m\u0131z, teknik kadromuz ve idari ekiplerimizle tan\u0131\u015fma f\u0131rsat\u0131 buldular.<\/p>\n<p>Bu payla\u015f\u0131m anlar\u0131, FC Rouen&#8217;in ruhunu tam olarak yans\u0131t\u0131yor: sahada ve saha d\u0131\u015f\u0131nda tutku, ba\u011fl\u0131l\u0131k ve tak\u0131m ruhu.<\/p>\n<p>T\u00fcm ortaklar\u0131m\u0131za g\u00fcvenleri ve sadakatleri i\u00e7in \u00e7ok te\u015fekk\u00fcr ederiz. Sizler sayesinde, FC Rouen&#8217;in tarihine yeni sayfalar yazmak i\u00e7in g\u00fc\u00e7 ve kararl\u0131l\u0131kla ilerliyoruz.<\/p>\n","protected":false},"excerpt":{"rendered":"<p>FC Rouen, Ch\u00e2teau de Roumare&#8217;nin ola\u011fan\u00fcst\u00fc ortam\u0131nda, Orangerie&#8217;de, ortaklar\u0131n\u0131 ve kurumsal m\u00fc\u015fterilerini samimi ve ayr\u0131cal\u0131kl\u0131 bir geceye davet etmekten mutluluk duydu. Bu etkinlik, i\u015fbirliklerimizi kutlamak, g\u00fcnl\u00fck hayat\u0131m\u0131zda bize e\u015flik edenlerle ba\u011flar\u0131m\u0131z\u0131 g\u00fc\u00e7lendirmek ve kul\u00fcb\u00fcn gelece\u011fi i\u00e7in vizyonumuzu ve hedeflerimizi payla\u015fmak i\u00e7in bir f\u0131rsat oldu. Gecede Silam ve Erisay gruplar\u0131n\u0131n performanslar\u0131, \u015fenlikli ve s\u0131cak bir atmosfer [&hellip;]<\/p>\n","protected":false},"author":2,"featured_media":33888,"comment_status":"closed","ping_status":"closed","sticky":false,"template":"template\/gallery-post.php","format":"standard","meta":{"_acf_changed":false,"footnotes":""},"categories":[91],"tags":[],"class_list":["post-34542","post","type-post","status-publish","format-standard","has-post-thumbnail","hentry","category-haberler-tr"],"acf":[],"_links":{"self":[{"href":"https:\/\/fcr1899.com\/tr\/wp-json\/wp\/v2\/posts\/34542","targetHints":{"allow":["GET"]}}],"collection":[{"href":"https:\/\/fcr1899.com\/tr\/wp-json\/wp\/v2\/posts"}],"about":[{"href":"https:\/\/fcr1899.com\/tr\/wp-json\/wp\/v2\/types\/post"}],"author":[{"embeddable":true,"href":"https:\/\/fcr1899.com\/tr\/wp-json\/wp\/v2\/users\/2"}],"replies":[{"embeddable":true,"href":"https:\/\/fcr1899.com\/tr\/wp-json\/wp\/v2\/comments?post=34542"}],"version-history":[{"count":1,"href":"https:\/\/fcr1899.com\/tr\/wp-json\/wp\/v2\/posts\/34542\/revisions"}],"predecessor-version":[{"id":34543,"href":"https:\/\/fcr1899.com\/tr\/wp-json\/wp\/v2\/posts\/34542\/revisions\/34543"}],"wp:featuredmedia":[{"embeddable":true,"href":"https:\/\/fcr1899.com\/tr\/wp-json\/wp\/v2\/media\/33888"}],"wp:attachment":[{"href":"https:\/\/fcr1899.com\/tr\/wp-json\/wp\/v2\/media?parent=34542"}],"wp:term":[{"taxonomy":"category","embeddable":true,"href":"https:\/\/fcr1899.com\/tr\/wp-json\/wp\/v2\/categories?post=34542"},{"taxonomy":"post_tag","embeddable":true,"href":"https:\/\/fcr1899.com\/tr\/wp-json\/wp\/v2\/tags?post=34542"}],"curies":[{"name":"wp","href":"https:\/\/api.w.org\/{rel}","templated":true}]}}