{"id":32491,"date":"2025-09-17T12:02:49","date_gmt":"2025-09-17T11:02:49","guid":{"rendered":"https:\/\/fcr1899.com\/?p=32491"},"modified":"2025-09-17T14:37:08","modified_gmt":"2025-09-17T13:37:08","slug":"tarihsel-bilgiler-fcr-vs-orleans","status":"publish","type":"post","link":"https:\/\/fcr1899.com\/tr\/tarihsel-bilgiler-fcr-vs-orleans\/","title":{"rendered":"Tarihsel bilgiler &#8211; FCR vs Orl\u00e9ans"},"content":{"rendered":"<p>Cuma g\u00fcn\u00fc Robert-Diochon stadyumunda oynanacak ma\u00e7 \u00f6ncesinde, FC Rouen 1899 ve Orl\u00e9ans aras\u0131ndaki kar\u015f\u0131la\u015fmalarla ilgili baz\u0131 tarihsel bilgiler.<\/p>\n<p>\u0130ki tak\u0131m aras\u0131ndaki ma\u00e7lar\u0131n bilan\u00e7osu, ligde 9 galibiyet, 8 beraberlik ve 7 ma\u011flubiyetle Diables rouges lehine.<\/p>\n<p>Evinde Gu\u00eapes&#8217;e kar\u015f\u0131 son galibiyet 2023 y\u0131l\u0131na dayan\u0131yor. O ma\u00e7ta Rouen, Christopher Ibayi&#8217;nin iki gol\u00fcyle 2-1 galip gelmi\u015fti.<\/p>\n<p>???????????? ???????????????? ???????????????????????????????? ????\u0300 ???????????????????? ???????? ???????????? ???????????? ???????????????? ???????????????????? ???????? ????\u0301???????????????????? ????????????????????\u00e8???????? :<\/p>\n<p>Ahmad All\u00e9e, Hicham Benkaid, Sofyane Bouzamoucha, David Camara, Antonin Cartillier, Ousmane Cissokho, Alan Mermillod, Joris Colinet, Alan Mermillod, Mario Costa, Fred Dembi, Jean-Pierre Destrumelle, Jean-Claude Dubouil, Anthony Laup, Benjamin Leclerc, Jean-Paul Mendy, J\u00e9r\u00e9mie Moreau, Fodi\u00e9 Traor\u00e9.<\/p>\n<p>&nbsp;<\/p>\n","protected":false},"excerpt":{"rendered":"<p>Cuma g\u00fcn\u00fc Robert-Diochon stadyumunda oynanacak ma\u00e7 \u00f6ncesinde, FC Rouen 1899 ve Orl\u00e9ans aras\u0131ndaki kar\u015f\u0131la\u015fmalarla ilgili baz\u0131 tarihsel bilgiler. \u0130ki tak\u0131m aras\u0131ndaki ma\u00e7lar\u0131n bilan\u00e7osu, ligde 9 galibiyet, 8 beraberlik ve 7 ma\u011flubiyetle Diables rouges lehine. Evinde Gu\u00eapes&#8217;e kar\u015f\u0131 son galibiyet 2023 y\u0131l\u0131na dayan\u0131yor. O ma\u00e7ta Rouen, Christopher Ibayi&#8217;nin iki gol\u00fcyle 2-1 galip gelmi\u015fti. ???????????? ???????????????? ???????????????????????????????? [&hellip;]<\/p>\n","protected":false},"author":2,"featured_media":32460,"comment_status":"open","ping_status":"open","sticky":false,"template":"","format":"standard","meta":{"_acf_changed":false,"footnotes":""},"categories":[88,91],"tags":[],"class_list":["post-32491","post","type-post","status-publish","format-standard","has-post-thumbnail","hentry","category-kulup-tr","category-haberler-tr"],"acf":[],"_links":{"self":[{"href":"https:\/\/fcr1899.com\/tr\/wp-json\/wp\/v2\/posts\/32491","targetHints":{"allow":["GET"]}}],"collection":[{"href":"https:\/\/fcr1899.com\/tr\/wp-json\/wp\/v2\/posts"}],"about":[{"href":"https:\/\/fcr1899.com\/tr\/wp-json\/wp\/v2\/types\/post"}],"author":[{"embeddable":true,"href":"https:\/\/fcr1899.com\/tr\/wp-json\/wp\/v2\/users\/2"}],"replies":[{"embeddable":true,"href":"https:\/\/fcr1899.com\/tr\/wp-json\/wp\/v2\/comments?post=32491"}],"version-history":[{"count":1,"href":"https:\/\/fcr1899.com\/tr\/wp-json\/wp\/v2\/posts\/32491\/revisions"}],"predecessor-version":[{"id":32492,"href":"https:\/\/fcr1899.com\/tr\/wp-json\/wp\/v2\/posts\/32491\/revisions\/32492"}],"wp:featuredmedia":[{"embeddable":true,"href":"https:\/\/fcr1899.com\/tr\/wp-json\/wp\/v2\/media\/32460"}],"wp:attachment":[{"href":"https:\/\/fcr1899.com\/tr\/wp-json\/wp\/v2\/media?parent=32491"}],"wp:term":[{"taxonomy":"category","embeddable":true,"href":"https:\/\/fcr1899.com\/tr\/wp-json\/wp\/v2\/categories?post=32491"},{"taxonomy":"post_tag","embeddable":true,"href":"https:\/\/fcr1899.com\/tr\/wp-json\/wp\/v2\/tags?post=32491"}],"curies":[{"name":"wp","href":"https:\/\/api.w.org\/{rel}","templated":true}]}}