{"id":25137,"date":"2025-06-17T10:41:50","date_gmt":"2025-06-17T09:41:50","guid":{"rendered":"https:\/\/fcr1899.com\/?p=25137"},"modified":"2025-07-15T13:40:01","modified_gmt":"2025-07-15T12:40:01","slug":"dernegin-2025-2026-sezonu-teknik-ekibi","status":"publish","type":"post","link":"https:\/\/fcr1899.com\/tr\/dernegin-2025-2026-sezonu-teknik-ekibi\/","title":{"rendered":"Derne\u011fin 2025-2026 sezonu teknik ekibi"},"content":{"rendered":"<p>Bu sezon, e\u011fitim ve e\u011fitim sonras\u0131 tak\u0131mlar\u0131m\u0131zda oyuncular\u0131m\u0131za e\u015flik edecek yeni teknik ekibi sizlere tan\u0131tmaktan mutluluk duyuyoruz.<\/p>\n<p>Yenilenen hedefleri, g\u00fc\u00e7lendirilmi\u015f becerileri ve ortak vizyonuyla bu yeni ekip, \u00f6n\u00fcm\u00fczdeki zorluklara haz\u0131rd\u0131r.<\/p>\n<p>Yeni bir dinamik ba\u015fl\u0131yor. Hepinize deste\u011finiz i\u00e7in te\u015fekk\u00fcr ederiz. Birlikte kul\u00fcb\u00fcm\u00fcz\u00fc b\u00fcy\u00fctmeye devam edelim.<\/p>\n<h3>E\u011e\u0130T\u0130M SONRASI<\/h3>\n<p>Senior R1: Raynald Bertin (ko\u00e7) ve Thomas Mourier (yard\u0131mc\u0131 ko\u00e7)<\/p>\n<p>U18: Vincent Doury (e\u011fitmen) ve Hugo Berthe (atletik haz\u0131rl\u0131k antren\u00f6r\u00fc)<\/p>\n<h3>E\u011e\u0130T\u0130M<\/h3>\n<p>U16: Matthieu Le Grand (e\u011fitmen) ve Thomas Langlois (atletik antren\u00f6r)<\/p>\n<p>U15: Lahcen Ait Kassi (e\u011fitimci) ve Mickael Bouloc (atletik antren\u00f6r)<\/p>\n<p>U14: Andr\u00e9 Mendes (e\u011fitimci) ve Noah Chaffard (atletik antren\u00f6r)<\/p>\n<h3>\u00d6N E\u011e\u0130T\u0130M<\/h3>\n<p>U13: Vincent Fourneuf (e\u011fitimci)<\/p>\n<p>U12: Mattis Lecarpentier (e\u011fitimci)<\/p>\n<p>U12\/U13 karma: Radouane Chadri (e\u011fitimci)<\/p>\n<p>U11: Jean-Charles Petit (e\u011fitimci)<\/p>\n<p>U10: Jonathan Orsolle (e\u011fitimci)<\/p>\n<p>U11\/U10 karma: Breddy Tuta (e\u011fitimci)<\/p>\n<h3>FUTBOL OKULU<\/h3>\n<p>U9: Justin Bailleul (e\u011fitimci)<\/p>\n<p>U8: Jimmy Hue (e\u011fitimci) ve Manes Vasse (e\u011fitimci)<\/p>\n<p>U7: Quentin Denis (e\u011fitimci) ve Mathis Ratieuville (e\u011fitimci)<\/p>\n<p>U6: Valentin Mouchel (e\u011fitimci)<\/p>\n<h3>KADINLAR<\/h3>\n<p>Senior R1F: St\u00e9phane Arnold (ko\u00e7) ve Dominique Bougon (kaleci ko\u00e7u)<\/p>\n<p>Senior R2F: Quentin Lecointe (ko\u00e7) ve J\u00e9rome Masset (yard\u0131mc\u0131 ko\u00e7)<\/p>\n<p>U18F: Manon F\u00e9vrier (e\u011fitimci)<\/p>\n<p>U17\/U16F: Tom Drouet (e\u011fitimci)<\/p>\n<p>U15\/U14F: Maelys Souillier (e\u011fitimci)<\/p>\n<p>U11F: Gr\u00e9gory Choquart (e\u011fitimci)<\/p>\n<h3>KALEC\u0130LER \u0130\u00c7\u0130N \u00d6ZEL<\/h3>\n<p>GB U12\/U13\/U14\/U15: Vincent Gobert<\/p>\n<p>GB U16\/U18: Quentin Lehec<\/p>\n","protected":false},"excerpt":{"rendered":"<p>Bu sezon, e\u011fitim ve e\u011fitim sonras\u0131 tak\u0131mlar\u0131m\u0131zda oyuncular\u0131m\u0131za e\u015flik edecek yeni teknik ekibi sizlere tan\u0131tmaktan mutluluk duyuyoruz. Yenilenen hedefleri, g\u00fc\u00e7lendirilmi\u015f becerileri ve ortak vizyonuyla bu yeni ekip, \u00f6n\u00fcm\u00fczdeki zorluklara haz\u0131rd\u0131r. Yeni bir dinamik ba\u015fl\u0131yor. Hepinize deste\u011finiz i\u00e7in te\u015fekk\u00fcr ederiz. Birlikte kul\u00fcb\u00fcm\u00fcz\u00fc b\u00fcy\u00fctmeye devam edelim. E\u011e\u0130T\u0130M SONRASI Senior R1: Raynald Bertin (ko\u00e7) ve Thomas Mourier (yard\u0131mc\u0131 [&hellip;]<\/p>\n","protected":false},"author":2,"featured_media":23182,"comment_status":"open","ping_status":"open","sticky":false,"template":"template\/gallery-post.php","format":"standard","meta":{"_acf_changed":false,"footnotes":""},"categories":[91],"tags":[],"class_list":["post-25137","post","type-post","status-publish","format-standard","has-post-thumbnail","hentry","category-haberler-tr"],"acf":[],"_links":{"self":[{"href":"https:\/\/fcr1899.com\/tr\/wp-json\/wp\/v2\/posts\/25137","targetHints":{"allow":["GET"]}}],"collection":[{"href":"https:\/\/fcr1899.com\/tr\/wp-json\/wp\/v2\/posts"}],"about":[{"href":"https:\/\/fcr1899.com\/tr\/wp-json\/wp\/v2\/types\/post"}],"author":[{"embeddable":true,"href":"https:\/\/fcr1899.com\/tr\/wp-json\/wp\/v2\/users\/2"}],"replies":[{"embeddable":true,"href":"https:\/\/fcr1899.com\/tr\/wp-json\/wp\/v2\/comments?post=25137"}],"version-history":[{"count":1,"href":"https:\/\/fcr1899.com\/tr\/wp-json\/wp\/v2\/posts\/25137\/revisions"}],"predecessor-version":[{"id":25138,"href":"https:\/\/fcr1899.com\/tr\/wp-json\/wp\/v2\/posts\/25137\/revisions\/25138"}],"wp:featuredmedia":[{"embeddable":true,"href":"https:\/\/fcr1899.com\/tr\/wp-json\/wp\/v2\/media\/23182"}],"wp:attachment":[{"href":"https:\/\/fcr1899.com\/tr\/wp-json\/wp\/v2\/media?parent=25137"}],"wp:term":[{"taxonomy":"category","embeddable":true,"href":"https:\/\/fcr1899.com\/tr\/wp-json\/wp\/v2\/categories?post=25137"},{"taxonomy":"post_tag","embeddable":true,"href":"https:\/\/fcr1899.com\/tr\/wp-json\/wp\/v2\/tags?post=25137"}],"curies":[{"name":"wp","href":"https:\/\/api.w.org\/{rel}","templated":true}]}}