{"id":25131,"date":"2025-06-16T18:00:34","date_gmt":"2025-06-16T17:00:34","guid":{"rendered":"https:\/\/fcr1899.com\/?p=25131"},"modified":"2025-07-15T13:31:26","modified_gmt":"2025-07-15T12:31:26","slug":"2025-2026-sezon-oncesi-programi","status":"publish","type":"post","link":"https:\/\/fcr1899.com\/tr\/2025-2026-sezon-oncesi-programi\/","title":{"rendered":"2025-2026 sezon \u00f6ncesi program\u0131"},"content":{"rendered":"<p>2025-2026 sezonu, 26 Haziran Per\u015fembe g\u00fcn\u00fc sa\u011fl\u0131k kontrollerinin ba\u015flamas\u0131yla start alacak. Saha \u00e7al\u0131\u015fmalar\u0131 ise 30 Haziran Pazartesi g\u00fcn\u00fc La Petite Bouverie&#8217;de ba\u015flayacak.<\/p>\n<p>Alt\u0131 haftal\u0131k haz\u0131rl\u0131k d\u00f6nemi planlan\u0131yor, 5 g\u00fcnl\u00fck bir kamp Forges-les-Eaux&#8217;da (14-19 Temmuz) yap\u0131lacak ve yedi haz\u0131rl\u0131k ma\u00e7\u0131 oynanacak!<\/p>\n<p>Francs Borains (Bel\u00e7ika D2), 12 Temmuz Cumartesi, Alizay (16:00)<br \/>\nUNFP, 16 Temmuz \u00c7ar\u015famba g\u00fcn\u00fc Neufch\u00e2tel-en-Bray&#8217;da (18:00)<br \/>\nWasquehal (N3), 19 Temmuz Cumartesi g\u00fcn\u00fc, yer ve saat belirlenecek<br \/>\nLaval (L2), 23 Temmuz \u00c7ar\u015famba g\u00fcn\u00fc Evron&#8217;da (18:00)<br \/>\nAvranches (N2), 25 Temmuz Cuma g\u00fcn\u00fc Villers Bocage&#8217;da (18:00)<br \/>\nDieppe (N2), 1 A\u011fustos Cuma g\u00fcn\u00fc Dieppe&#8217;de (20:00)<br \/>\nOissel (N3), 5 A\u011fustos \u00c7ar\u015famba g\u00fcn\u00fc Oissel&#8217;de (saat belirlenecek)<br \/>\nNational&#8217;\u0131n yeniden ba\u015flamas\u0131, 8 A\u011fustos Cuma<\/p>\n<p>&nbsp;<\/p>\n<p>Ma\u00e7lar\u0131n yerleri ve saatleri \u00f6n\u00fcm\u00fczdeki g\u00fcnlerde a\u00e7\u0131klanacakt\u0131r.<\/p>\n","protected":false},"excerpt":{"rendered":"<p>2025-2026 sezonu, 26 Haziran Per\u015fembe g\u00fcn\u00fc sa\u011fl\u0131k kontrollerinin ba\u015flamas\u0131yla start alacak. Saha \u00e7al\u0131\u015fmalar\u0131 ise 30 Haziran Pazartesi g\u00fcn\u00fc La Petite Bouverie&#8217;de ba\u015flayacak. Alt\u0131 haftal\u0131k haz\u0131rl\u0131k d\u00f6nemi planlan\u0131yor, 5 g\u00fcnl\u00fck bir kamp Forges-les-Eaux&#8217;da (14-19 Temmuz) yap\u0131lacak ve yedi haz\u0131rl\u0131k ma\u00e7\u0131 oynanacak! Francs Borains (Bel\u00e7ika D2), 12 Temmuz Cumartesi, Alizay (16:00) UNFP, 16 Temmuz \u00c7ar\u015famba g\u00fcn\u00fc Neufch\u00e2tel-en-Bray&#8217;da [&hellip;]<\/p>\n","protected":false},"author":2,"featured_media":23157,"comment_status":"open","ping_status":"open","sticky":false,"template":"","format":"standard","meta":{"_acf_changed":false,"footnotes":""},"categories":[90,91],"tags":[],"class_list":["post-25131","post","type-post","status-publish","format-standard","has-post-thumbnail","hentry","category-ulusal-tr","category-haberler-tr"],"acf":[],"_links":{"self":[{"href":"https:\/\/fcr1899.com\/tr\/wp-json\/wp\/v2\/posts\/25131","targetHints":{"allow":["GET"]}}],"collection":[{"href":"https:\/\/fcr1899.com\/tr\/wp-json\/wp\/v2\/posts"}],"about":[{"href":"https:\/\/fcr1899.com\/tr\/wp-json\/wp\/v2\/types\/post"}],"author":[{"embeddable":true,"href":"https:\/\/fcr1899.com\/tr\/wp-json\/wp\/v2\/users\/2"}],"replies":[{"embeddable":true,"href":"https:\/\/fcr1899.com\/tr\/wp-json\/wp\/v2\/comments?post=25131"}],"version-history":[{"count":1,"href":"https:\/\/fcr1899.com\/tr\/wp-json\/wp\/v2\/posts\/25131\/revisions"}],"predecessor-version":[{"id":25132,"href":"https:\/\/fcr1899.com\/tr\/wp-json\/wp\/v2\/posts\/25131\/revisions\/25132"}],"wp:featuredmedia":[{"embeddable":true,"href":"https:\/\/fcr1899.com\/tr\/wp-json\/wp\/v2\/media\/23157"}],"wp:attachment":[{"href":"https:\/\/fcr1899.com\/tr\/wp-json\/wp\/v2\/media?parent=25131"}],"wp:term":[{"taxonomy":"category","embeddable":true,"href":"https:\/\/fcr1899.com\/tr\/wp-json\/wp\/v2\/categories?post=25131"},{"taxonomy":"post_tag","embeddable":true,"href":"https:\/\/fcr1899.com\/tr\/wp-json\/wp\/v2\/tags?post=25131"}],"curies":[{"name":"wp","href":"https:\/\/api.w.org\/{rel}","templated":true}]}}