{"id":25104,"date":"2025-06-12T11:49:59","date_gmt":"2025-06-12T10:49:59","guid":{"rendered":"https:\/\/fcr1899.com\/?p=25104"},"modified":"2025-07-15T13:13:55","modified_gmt":"2025-07-15T12:13:55","slug":"victor-tilliez-fc-rouen-1899-ile-ilk-sozlesmesini-imzaladi","status":"publish","type":"post","link":"https:\/\/fcr1899.com\/tr\/victor-tilliez-fc-rouen-1899-ile-ilk-sozlesmesini-imzaladi\/","title":{"rendered":"Victor Tilliez, FC Rouen 1899 ile ilk s\u00f6zle\u015fmesini imzalad\u0131!"},"content":{"rendered":"<p>FC Rouen 1899, kul\u00fcpte yeti\u015fen gen\u00e7 forvet Victor Tilliez ile ilk s\u00f6zle\u015fmesini imzalad\u0131\u011f\u0131n\u0131 duyurmaktan gurur duyar. Tilliez, 2025-2026 sezonunda National liginde birinci tak\u0131m kadrosuna %100 dahil olacak. Tilliez, 17 numaral\u0131 formay\u0131 giyecek.<\/p>\n<p>2020 y\u0131l\u0131nda kul\u00fcbe kat\u0131lan Victor, U16&#8217;dan National grubuna kadar k\u0131rm\u0131z\u0131-beyazl\u0131lar\u0131n t\u00fcm a\u015famalar\u0131n\u0131 ge\u00e7ti. Kul\u00fcb\u00fcm\u00fcz\u00fcn yeti\u015ftirdi\u011fi bir oyuncu olan Victor, bu sezon R1 \u015fampiyonas\u0131nda 15 golle en \u00e7ok gol atan oyuncu olarak \u00f6ne \u00e7\u0131kt\u0131.<\/p>\n<p>Bu imza, kul\u00fcb\u00fcn gen\u00e7 yeteneklerine g\u00fcvenme ve Rouen&#8217;in altyap\u0131s\u0131n\u0131 de\u011fer verme iste\u011fini teyit ediyor. Victor, FCR ile tarihini yazmaya devam etmek i\u00e7in gururla renklerimizi ta\u015f\u0131yacak.<\/p>\n","protected":false},"excerpt":{"rendered":"<p>FC Rouen 1899, kul\u00fcpte yeti\u015fen gen\u00e7 forvet Victor Tilliez ile ilk s\u00f6zle\u015fmesini imzalad\u0131\u011f\u0131n\u0131 duyurmaktan gurur duyar. Tilliez, 2025-2026 sezonunda National liginde birinci tak\u0131m kadrosuna %100 dahil olacak. Tilliez, 17 numaral\u0131 formay\u0131 giyecek. 2020 y\u0131l\u0131nda kul\u00fcbe kat\u0131lan Victor, U16&#8217;dan National grubuna kadar k\u0131rm\u0131z\u0131-beyazl\u0131lar\u0131n t\u00fcm a\u015famalar\u0131n\u0131 ge\u00e7ti. Kul\u00fcb\u00fcm\u00fcz\u00fcn yeti\u015ftirdi\u011fi bir oyuncu olan Victor, bu sezon R1 \u015fampiyonas\u0131nda [&hellip;]<\/p>\n","protected":false},"author":2,"featured_media":23110,"comment_status":"open","ping_status":"open","sticky":false,"template":"","format":"standard","meta":{"_acf_changed":false,"footnotes":""},"categories":[88,91],"tags":[],"class_list":["post-25104","post","type-post","status-publish","format-standard","has-post-thumbnail","hentry","category-kulup-tr","category-haberler-tr"],"acf":[],"_links":{"self":[{"href":"https:\/\/fcr1899.com\/tr\/wp-json\/wp\/v2\/posts\/25104","targetHints":{"allow":["GET"]}}],"collection":[{"href":"https:\/\/fcr1899.com\/tr\/wp-json\/wp\/v2\/posts"}],"about":[{"href":"https:\/\/fcr1899.com\/tr\/wp-json\/wp\/v2\/types\/post"}],"author":[{"embeddable":true,"href":"https:\/\/fcr1899.com\/tr\/wp-json\/wp\/v2\/users\/2"}],"replies":[{"embeddable":true,"href":"https:\/\/fcr1899.com\/tr\/wp-json\/wp\/v2\/comments?post=25104"}],"version-history":[{"count":2,"href":"https:\/\/fcr1899.com\/tr\/wp-json\/wp\/v2\/posts\/25104\/revisions"}],"predecessor-version":[{"id":25106,"href":"https:\/\/fcr1899.com\/tr\/wp-json\/wp\/v2\/posts\/25104\/revisions\/25106"}],"wp:featuredmedia":[{"embeddable":true,"href":"https:\/\/fcr1899.com\/tr\/wp-json\/wp\/v2\/media\/23110"}],"wp:attachment":[{"href":"https:\/\/fcr1899.com\/tr\/wp-json\/wp\/v2\/media?parent=25104"}],"wp:term":[{"taxonomy":"category","embeddable":true,"href":"https:\/\/fcr1899.com\/tr\/wp-json\/wp\/v2\/categories?post=25104"},{"taxonomy":"post_tag","embeddable":true,"href":"https:\/\/fcr1899.com\/tr\/wp-json\/wp\/v2\/tags?post=25104"}],"curies":[{"name":"wp","href":"https:\/\/api.w.org\/{rel}","templated":true}]}}