{"id":25076,"date":"2025-06-08T19:00:03","date_gmt":"2025-06-08T18:00:03","guid":{"rendered":"https:\/\/fcr1899.com\/?p=25076"},"modified":"2025-07-15T12:13:57","modified_gmt":"2025-07-15T11:13:57","slug":"2025-2026-sezonu-kadrosu","status":"publish","type":"post","link":"https:\/\/fcr1899.com\/tr\/2025-2026-sezonu-kadrosu\/","title":{"rendered":"2025-2026 sezonu kadrosu"},"content":{"rendered":"<p>FC Rouen 1899, 2025-2026 sezonu teknik kadrosunu tan\u0131tt\u0131.<\/p>\n<p>&#8211; R\u00e9gis Brouard, birinci tak\u0131m\u0131n ba\u015f\u0131nda ikinci sezonuna ba\u015flayacak. Tecr\u00fcbesi ve titizli\u011fiyle, Diables Rouges&#8217;u h\u0131rs ve kararl\u0131l\u0131kla y\u00f6nlendirmeye devam edecek.<\/p>\n<p>&#8211; Pascal Braud, FC Rouen&#8217;e yard\u0131mc\u0131 antren\u00f6r olarak kat\u0131l\u0131yor. Eski profesyonel oyuncu ve deneyimli yard\u0131mc\u0131 antren\u00f6r olan Braud, \u00f6zellikle Niort&#8217;ta R\u00e9gis Brouard ile birlikte \u00e7al\u0131\u015ft\u0131. Dijon, Valenciennes, Laval ve Guingamp&#8217;ta da deneyim kazand\u0131. Y\u00fcksek seviyedeki bilgisi ve tak\u0131m ruhu, Rouen kadrosuna de\u011ferli katk\u0131lar sa\u011flayacakt\u0131r.<\/p>\n<p>&#8211; Mathieu Lacaille, kaleci antren\u00f6r\u00fc olarak maceras\u0131na devam ediyor. G\u00f6revi, sezon boyunca son savunma hatt\u0131m\u0131z\u0131n performans\u0131n\u0131 desteklemek ve optimize etmek olacak.<\/p>\n<p>&#8211; Maxime David de maceraya devam ediyor. Dernekten yeti\u015fen David, basamaklar\u0131 t\u0131rmanarak ba\u015f fiziksel haz\u0131rl\u0131k antren\u00f6r\u00fc oldu. G\u00f6revi, t\u0131bbi kadroyla yak\u0131n i\u015fbirli\u011fi i\u00e7inde oyuncular\u0131 en iyi formda tutmak olacak. Profesyonelli\u011fi, sezon boyunca \u00e7ok de\u011ferli bir kazan\u00e7 olacak.<\/p>\n<p>&#8211; Kevin Catherine, FC Rouen&#8217;e fiziksel haz\u0131rl\u0131k antren\u00f6r\u00fc olarak kat\u0131l\u0131yor. Amiens SC&#8217;den gelen Catherine, Maxime David ile birlikte \u00e7al\u0131\u015facak ve a\u011f\u0131rl\u0131kl\u0131 olarak oyuncular\u0131m\u0131z\u0131n yeniden atletik hale getirilmesine odaklanacak.<\/p>\n<p>&#8211; F\u00e9lix Desvall\u00e9es, video analisti olarak g\u00f6revine devam ediyor. Taktiksel g\u00f6z\u00fc ve ma\u00e7lar\u0131 ve rakipleri ayr\u0131nt\u0131l\u0131 olarak analiz eden \u00e7al\u0131\u015fmalar\u0131, teknik ekip i\u00e7in \u00f6nemli bir stratejik kaynak olacak.<\/p>\n<p>&#8211; Ge\u00e7en sezon da g\u00f6revde olan Louis Lesueur, veri analisti ve topluluk y\u00f6neticisi olarak \u00e7ift g\u00f6revini s\u00fcrd\u00fcrecek. Sporla ilgili kararlar\u0131n al\u0131nmas\u0131na yard\u0131mc\u0131 olmak i\u00e7in \u00f6nemli veriler sa\u011flamaya devam ederken, kul\u00fcb\u00fcn ileti\u015fimini de \u00fcstlenecek.<\/p>\n<p>&#8211; S\u00f6zle\u015fmesi sona eren yard\u0131mc\u0131 antren\u00f6r Greg Auger, yeni bir meydan okumaya at\u0131lmaya karar verdi. Kul\u00fcp, onun profesyonelli\u011fi ve ba\u011fl\u0131l\u0131\u011f\u0131 i\u00e7in kendisine i\u00e7tenlikle te\u015fekk\u00fcr eder ve kariyerinde ba\u015far\u0131lar diler.<\/p>\n<p>&#8211; Fiziksel haz\u0131rl\u0131k antren\u00f6r\u00fc Thomas Legrand da s\u00f6zle\u015fmesinin sona ermesiyle kul\u00fcpten ayr\u0131l\u0131yor. FC Rouen&#8217;da d\u00f6rt sezon ge\u00e7irdikten sonra, kul\u00fcp onun emeklerine sayg\u0131 duyuyor ve kendisine en i\u00e7ten te\u015fekk\u00fcrlerini sunuyor.<\/p>\n","protected":false},"excerpt":{"rendered":"<p>FC Rouen 1899, 2025-2026 sezonu teknik kadrosunu tan\u0131tt\u0131. &#8211; R\u00e9gis Brouard, birinci tak\u0131m\u0131n ba\u015f\u0131nda ikinci sezonuna ba\u015flayacak. Tecr\u00fcbesi ve titizli\u011fiyle, Diables Rouges&#8217;u h\u0131rs ve kararl\u0131l\u0131kla y\u00f6nlendirmeye devam edecek. &#8211; Pascal Braud, FC Rouen&#8217;e yard\u0131mc\u0131 antren\u00f6r olarak kat\u0131l\u0131yor. Eski profesyonel oyuncu ve deneyimli yard\u0131mc\u0131 antren\u00f6r olan Braud, \u00f6zellikle Niort&#8217;ta R\u00e9gis Brouard ile birlikte \u00e7al\u0131\u015ft\u0131. Dijon, Valenciennes, [&hellip;]<\/p>\n","protected":false},"author":2,"featured_media":19148,"comment_status":"open","ping_status":"open","sticky":false,"template":"","format":"standard","meta":{"_acf_changed":false,"footnotes":""},"categories":[88,91],"tags":[],"class_list":["post-25076","post","type-post","status-publish","format-standard","has-post-thumbnail","hentry","category-kulup-tr","category-haberler-tr"],"acf":[],"_links":{"self":[{"href":"https:\/\/fcr1899.com\/tr\/wp-json\/wp\/v2\/posts\/25076","targetHints":{"allow":["GET"]}}],"collection":[{"href":"https:\/\/fcr1899.com\/tr\/wp-json\/wp\/v2\/posts"}],"about":[{"href":"https:\/\/fcr1899.com\/tr\/wp-json\/wp\/v2\/types\/post"}],"author":[{"embeddable":true,"href":"https:\/\/fcr1899.com\/tr\/wp-json\/wp\/v2\/users\/2"}],"replies":[{"embeddable":true,"href":"https:\/\/fcr1899.com\/tr\/wp-json\/wp\/v2\/comments?post=25076"}],"version-history":[{"count":1,"href":"https:\/\/fcr1899.com\/tr\/wp-json\/wp\/v2\/posts\/25076\/revisions"}],"predecessor-version":[{"id":25077,"href":"https:\/\/fcr1899.com\/tr\/wp-json\/wp\/v2\/posts\/25076\/revisions\/25077"}],"wp:featuredmedia":[{"embeddable":true,"href":"https:\/\/fcr1899.com\/tr\/wp-json\/wp\/v2\/media\/19148"}],"wp:attachment":[{"href":"https:\/\/fcr1899.com\/tr\/wp-json\/wp\/v2\/media?parent=25076"}],"wp:term":[{"taxonomy":"category","embeddable":true,"href":"https:\/\/fcr1899.com\/tr\/wp-json\/wp\/v2\/categories?post=25076"},{"taxonomy":"post_tag","embeddable":true,"href":"https:\/\/fcr1899.com\/tr\/wp-json\/wp\/v2\/tags?post=25076"}],"curies":[{"name":"wp","href":"https:\/\/api.w.org\/{rel}","templated":true}]}}