{"id":25073,"date":"2025-06-06T11:17:23","date_gmt":"2025-06-06T10:17:23","guid":{"rendered":"https:\/\/fcr1899.com\/?p=25073"},"modified":"2025-07-15T12:11:50","modified_gmt":"2025-07-15T11:11:50","slug":"resmi-aciklama","status":"publish","type":"post","link":"https:\/\/fcr1899.com\/tr\/resmi-aciklama\/","title":{"rendered":"Resmi A\u00e7\u0131klama"},"content":{"rendered":"<p>FC Rouen, FFF Disiplin Komisyonu taraf\u0131ndan kendisine verilen cezay\u0131 kabul etmektedir. Bu ceza, 2025-2026 sezonunun ba\u015f\u0131nda iki ma\u00e7\u0131n kapal\u0131 kap\u0131lar ard\u0131nda oynanmas\u0131d\u0131r.<\/p>\n<p>Bu ceza, 18\/04\/2025 tarihinde oynanan Quevilly RM &#8211; FC Rouen ma\u00e7\u0131nda meydana gelen olaylarla ilgilidir, yani \u201ctaraftarlar\u0131n piroteknik cihazlar kullanmas\u0131, bir g\u00f6revliye at\u0131lan nesne ve taraftarlar\u0131n s\u00f6zl\u00fc ifadeleri\u201d.<\/p>\n<p>Bu durum kar\u015f\u0131s\u0131nda, \u015feffafl\u0131k ve taraftarlar\u0131m\u0131za kar\u015f\u0131 sorumluluk bilinciyle FC Rouen, abonelik kampanyas\u0131n\u0131 ve \u00f6n\u00fcm\u00fczdeki \u00e7ar\u015famba ve per\u015fembe g\u00fcnleri i\u00e7in planlanan stadyumda g\u00f6revlendirilmeleri ge\u00e7ici olarak ask\u0131ya almaya karar verdi. Yak\u0131nda, ba\u015flang\u0131\u00e7ta planlanan 17 ma\u00e7 yerine, Ulusal Lig&#8217;de toplam 15 i\u00e7 saha ma\u00e7\u0131 i\u00e7in ayarlanan yeni bir fiyat politikas\u0131 ile taraftarlar\u0131m\u0131za geri d\u00f6nece\u011fiz.<\/p>\n","protected":false},"excerpt":{"rendered":"<p>FC Rouen, FFF Disiplin Komisyonu taraf\u0131ndan kendisine verilen cezay\u0131 kabul etmektedir. Bu ceza, 2025-2026 sezonunun ba\u015f\u0131nda iki ma\u00e7\u0131n kapal\u0131 kap\u0131lar ard\u0131nda oynanmas\u0131d\u0131r. Bu ceza, 18\/04\/2025 tarihinde oynanan Quevilly RM &#8211; FC Rouen ma\u00e7\u0131nda meydana gelen olaylarla ilgilidir, yani \u201ctaraftarlar\u0131n piroteknik cihazlar kullanmas\u0131, bir g\u00f6revliye at\u0131lan nesne ve taraftarlar\u0131n s\u00f6zl\u00fc ifadeleri\u201d. Bu durum kar\u015f\u0131s\u0131nda, \u015feffafl\u0131k ve [&hellip;]<\/p>\n","protected":false},"author":2,"featured_media":7973,"comment_status":"open","ping_status":"open","sticky":false,"template":"","format":"standard","meta":{"_acf_changed":false,"footnotes":""},"categories":[88,91],"tags":[],"class_list":["post-25073","post","type-post","status-publish","format-standard","has-post-thumbnail","hentry","category-kulup-tr","category-haberler-tr"],"acf":[],"_links":{"self":[{"href":"https:\/\/fcr1899.com\/tr\/wp-json\/wp\/v2\/posts\/25073","targetHints":{"allow":["GET"]}}],"collection":[{"href":"https:\/\/fcr1899.com\/tr\/wp-json\/wp\/v2\/posts"}],"about":[{"href":"https:\/\/fcr1899.com\/tr\/wp-json\/wp\/v2\/types\/post"}],"author":[{"embeddable":true,"href":"https:\/\/fcr1899.com\/tr\/wp-json\/wp\/v2\/users\/2"}],"replies":[{"embeddable":true,"href":"https:\/\/fcr1899.com\/tr\/wp-json\/wp\/v2\/comments?post=25073"}],"version-history":[{"count":1,"href":"https:\/\/fcr1899.com\/tr\/wp-json\/wp\/v2\/posts\/25073\/revisions"}],"predecessor-version":[{"id":25074,"href":"https:\/\/fcr1899.com\/tr\/wp-json\/wp\/v2\/posts\/25073\/revisions\/25074"}],"wp:featuredmedia":[{"embeddable":true,"href":"https:\/\/fcr1899.com\/tr\/wp-json\/wp\/v2\/media\/7973"}],"wp:attachment":[{"href":"https:\/\/fcr1899.com\/tr\/wp-json\/wp\/v2\/media?parent=25073"}],"wp:term":[{"taxonomy":"category","embeddable":true,"href":"https:\/\/fcr1899.com\/tr\/wp-json\/wp\/v2\/categories?post=25073"},{"taxonomy":"post_tag","embeddable":true,"href":"https:\/\/fcr1899.com\/tr\/wp-json\/wp\/v2\/tags?post=25073"}],"curies":[{"name":"wp","href":"https:\/\/api.w.org\/{rel}","templated":true}]}}