{"id":25030,"date":"2025-05-19T12:44:41","date_gmt":"2025-05-19T11:44:41","guid":{"rendered":"https:\/\/fcr1899.com\/?p=25030"},"modified":"2025-07-15T11:05:52","modified_gmt":"2025-07-15T10:05:52","slug":"fcrnin-sezon-istatistikleri","status":"publish","type":"post","link":"https:\/\/fcr1899.com\/tr\/fcrnin-sezon-istatistikleri\/","title":{"rendered":"FCR&#8217;nin sezon istatistikleri"},"content":{"rendered":"<p>FCR&#8217;nin National ligindeki sezonu sona erdi. K\u0131rm\u0131z\u0131 \u015eeytanlar&#8217;\u0131n bu sezonki istatistiklerine bir g\u00f6z atal\u0131m.<\/p>\n<p><strong>0<\/strong><\/p>\n<p>FC Rouen, sezonunu ilk 3 tak\u0131m kar\u015f\u0131s\u0131nda yenilgisiz tamamlad\u0131 (2 galibiyet, 4 beraberlik) ve bu sezon National&#8217;da podyuma \u00e7\u0131kan tak\u0131mlara kar\u015f\u0131 yenilgisiz kalan tek tak\u0131m oldu.<\/p>\n<p><strong>25<\/strong><\/p>\n<p>FCR&#8217;nin bu sezon National&#8217;da kazand\u0131\u011f\u0131 40 puan\u0131n 25&#8217;i Diochon&#8217;da kazan\u0131ld\u0131 (evinde 6., deplasmanda 13. s\u0131rada).<\/p>\n<p><strong>42<\/strong><\/p>\n<p>Ichem Ferrah&#8217;\u0131n Nancy&#8217;ye att\u0131\u011f\u0131 gol, FCR&#8217;nin National&#8217;da bu sezon att\u0131\u011f\u0131 42. gol oldu ve 2023-2024 sezonunda at\u0131lan toplam gol say\u0131s\u0131n\u0131 (41) iki ma\u00e7 daha az oynayarak a\u015ft\u0131.<\/p>\n<p><strong>15<\/strong><\/p>\n<p>Hicham Benkaid, National&#8217;da 15 gol att\u0131. Bu, bu sezon \u015fampiyonada en iyi 3. toplam ve 21. y\u00fczy\u0131lda National sezonunda bir FCR oyuncusu i\u00e7in en iyi sonu\u00e7.<\/p>\n<p><strong>2835<\/strong><\/p>\n<p>Mathieu Mion bu sezon National&#8217;da 2835 dakika oynad\u0131. Bu, FCR oyuncular\u0131 aras\u0131nda en y\u00fcksek toplam ve \u015fampiyonadaki saha oyuncular\u0131 aras\u0131nda 7. en y\u00fcksek toplamd\u0131r.<\/p>\n<p><strong>7801<\/strong><\/p>\n<p>6 Aral\u0131k 2024&#8217;te Quevilly ile oynanan ma\u00e7ta Diochon stadyumunda 7801 seyirci vard\u0131. Bu, kul\u00fcb\u00fcn National tarihindeki en y\u00fcksek seyirci say\u0131s\u0131d\u0131r.<\/p>\n","protected":false},"excerpt":{"rendered":"<p>FCR&#8217;nin National ligindeki sezonu sona erdi. K\u0131rm\u0131z\u0131 \u015eeytanlar&#8217;\u0131n bu sezonki istatistiklerine bir g\u00f6z atal\u0131m. 0 FC Rouen, sezonunu ilk 3 tak\u0131m kar\u015f\u0131s\u0131nda yenilgisiz tamamlad\u0131 (2 galibiyet, 4 beraberlik) ve bu sezon National&#8217;da podyuma \u00e7\u0131kan tak\u0131mlara kar\u015f\u0131 yenilgisiz kalan tek tak\u0131m oldu. 25 FCR&#8217;nin bu sezon National&#8217;da kazand\u0131\u011f\u0131 40 puan\u0131n 25&#8217;i Diochon&#8217;da kazan\u0131ld\u0131 (evinde 6., deplasmanda [&hellip;]<\/p>\n","protected":false},"author":2,"featured_media":18715,"comment_status":"open","ping_status":"open","sticky":false,"template":"","format":"standard","meta":{"_acf_changed":false,"footnotes":""},"categories":[90,91],"tags":[],"class_list":["post-25030","post","type-post","status-publish","format-standard","has-post-thumbnail","hentry","category-ulusal-tr","category-haberler-tr"],"acf":[],"_links":{"self":[{"href":"https:\/\/fcr1899.com\/tr\/wp-json\/wp\/v2\/posts\/25030","targetHints":{"allow":["GET"]}}],"collection":[{"href":"https:\/\/fcr1899.com\/tr\/wp-json\/wp\/v2\/posts"}],"about":[{"href":"https:\/\/fcr1899.com\/tr\/wp-json\/wp\/v2\/types\/post"}],"author":[{"embeddable":true,"href":"https:\/\/fcr1899.com\/tr\/wp-json\/wp\/v2\/users\/2"}],"replies":[{"embeddable":true,"href":"https:\/\/fcr1899.com\/tr\/wp-json\/wp\/v2\/comments?post=25030"}],"version-history":[{"count":1,"href":"https:\/\/fcr1899.com\/tr\/wp-json\/wp\/v2\/posts\/25030\/revisions"}],"predecessor-version":[{"id":25031,"href":"https:\/\/fcr1899.com\/tr\/wp-json\/wp\/v2\/posts\/25030\/revisions\/25031"}],"wp:featuredmedia":[{"embeddable":true,"href":"https:\/\/fcr1899.com\/tr\/wp-json\/wp\/v2\/media\/18715"}],"wp:attachment":[{"href":"https:\/\/fcr1899.com\/tr\/wp-json\/wp\/v2\/media?parent=25030"}],"wp:term":[{"taxonomy":"category","embeddable":true,"href":"https:\/\/fcr1899.com\/tr\/wp-json\/wp\/v2\/categories?post=25030"},{"taxonomy":"post_tag","embeddable":true,"href":"https:\/\/fcr1899.com\/tr\/wp-json\/wp\/v2\/tags?post=25030"}],"curies":[{"name":"wp","href":"https:\/\/api.w.org\/{rel}","templated":true}]}}