{"id":24988,"date":"2025-05-14T19:06:39","date_gmt":"2025-05-14T18:06:39","guid":{"rendered":"https:\/\/fcr1899.com\/?p=24988"},"modified":"2025-07-15T10:00:45","modified_gmt":"2025-07-15T09:00:45","slug":"christophe-chareyre-fc-rouenin-yeni-spor-koordinatoru-oldu","status":"publish","type":"post","link":"https:\/\/fcr1899.com\/tr\/christophe-chareyre-fc-rouenin-yeni-spor-koordinatoru-oldu\/","title":{"rendered":"Christophe Chareyre, FC Rouen&#8217;in yeni spor koordinat\u00f6r\u00fc oldu"},"content":{"rendered":"<p>Performans ve geli\u015fimi hedefleyen FC Rouen 1899, spor koordinat\u00f6r\u00fc Christophe Chareyre&#8217;nin g\u00f6reve ba\u015flad\u0131\u011f\u0131n\u0131 duyurmaktan mutluluk duyar. Chareyre&#8217;nin g\u00f6revi, spor sekt\u00f6r\u00fcn\u00fcn tamam\u0131n\u0131 yap\u0131land\u0131rmak ve organize etmek, y\u00f6netim, personel ve oyuncular aras\u0131nda k\u00f6pr\u00fc g\u00f6revi g\u00f6rmek olacakt\u0131r. Christophe, ba\u015f antren\u00f6r R\u00e9gis Brouard ile yak\u0131n i\u015fbirli\u011fi i\u00e7inde 2025-2026 sezonu kadrosunun olu\u015fturulmas\u0131nda kilit bir rol oynayacak.<\/p>\n<p>\u00d6n\u00fcm\u00fczdeki sezon i\u00e7in hedeflerimiz net: performansl\u0131, uyumlu ve hedeflerimize ula\u015fmaya kararl\u0131 bir tak\u0131m olu\u015fturmak.<\/p>\n<p>T\u00fcm kul\u00fcp, ona ho\u015f geldin diyor ve yeni g\u00f6revinde ba\u015far\u0131lar diliyor.<\/p>\n","protected":false},"excerpt":{"rendered":"<p>Performans ve geli\u015fimi hedefleyen FC Rouen 1899, spor koordinat\u00f6r\u00fc Christophe Chareyre&#8217;nin g\u00f6reve ba\u015flad\u0131\u011f\u0131n\u0131 duyurmaktan mutluluk duyar. Chareyre&#8217;nin g\u00f6revi, spor sekt\u00f6r\u00fcn\u00fcn tamam\u0131n\u0131 yap\u0131land\u0131rmak ve organize etmek, y\u00f6netim, personel ve oyuncular aras\u0131nda k\u00f6pr\u00fc g\u00f6revi g\u00f6rmek olacakt\u0131r. Christophe, ba\u015f antren\u00f6r R\u00e9gis Brouard ile yak\u0131n i\u015fbirli\u011fi i\u00e7inde 2025-2026 sezonu kadrosunun olu\u015fturulmas\u0131nda kilit bir rol oynayacak. \u00d6n\u00fcm\u00fczdeki sezon i\u00e7in hedeflerimiz [&hellip;]<\/p>\n","protected":false},"author":2,"featured_media":7973,"comment_status":"open","ping_status":"open","sticky":false,"template":"","format":"standard","meta":{"_acf_changed":false,"footnotes":""},"categories":[88,91],"tags":[],"class_list":["post-24988","post","type-post","status-publish","format-standard","has-post-thumbnail","hentry","category-kulup-tr","category-haberler-tr"],"acf":[],"_links":{"self":[{"href":"https:\/\/fcr1899.com\/tr\/wp-json\/wp\/v2\/posts\/24988","targetHints":{"allow":["GET"]}}],"collection":[{"href":"https:\/\/fcr1899.com\/tr\/wp-json\/wp\/v2\/posts"}],"about":[{"href":"https:\/\/fcr1899.com\/tr\/wp-json\/wp\/v2\/types\/post"}],"author":[{"embeddable":true,"href":"https:\/\/fcr1899.com\/tr\/wp-json\/wp\/v2\/users\/2"}],"replies":[{"embeddable":true,"href":"https:\/\/fcr1899.com\/tr\/wp-json\/wp\/v2\/comments?post=24988"}],"version-history":[{"count":1,"href":"https:\/\/fcr1899.com\/tr\/wp-json\/wp\/v2\/posts\/24988\/revisions"}],"predecessor-version":[{"id":24989,"href":"https:\/\/fcr1899.com\/tr\/wp-json\/wp\/v2\/posts\/24988\/revisions\/24989"}],"wp:featuredmedia":[{"embeddable":true,"href":"https:\/\/fcr1899.com\/tr\/wp-json\/wp\/v2\/media\/7973"}],"wp:attachment":[{"href":"https:\/\/fcr1899.com\/tr\/wp-json\/wp\/v2\/media?parent=24988"}],"wp:term":[{"taxonomy":"category","embeddable":true,"href":"https:\/\/fcr1899.com\/tr\/wp-json\/wp\/v2\/categories?post=24988"},{"taxonomy":"post_tag","embeddable":true,"href":"https:\/\/fcr1899.com\/tr\/wp-json\/wp\/v2\/tags?post=24988"}],"curies":[{"name":"wp","href":"https:\/\/api.w.org\/{rel}","templated":true}]}}