{"id":24976,"date":"2025-05-14T11:06:02","date_gmt":"2025-05-14T10:06:02","guid":{"rendered":"https:\/\/fcr1899.com\/?p=24976"},"modified":"2025-07-15T09:45:03","modified_gmt":"2025-07-15T08:45:03","slug":"romain-djoubri-dernegin-teknik-direktorlugune-atandi","status":"publish","type":"post","link":"https:\/\/fcr1899.com\/tr\/romain-djoubri-dernegin-teknik-direktorlugune-atandi\/","title":{"rendered":"Romain Djoubri derne\u011fin teknik direkt\u00f6rl\u00fc\u011f\u00fcne atand\u0131"},"content":{"rendered":"<p>Eski Diables Rouges antren\u00f6r\u00fc Romain, kul\u00fcb\u00fcn kimli\u011fini ve de\u011ferlerini \u00e7ok iyi biliyor. Geri d\u00f6n\u00fc\u015f\u00fc, spor projesini yap\u0131land\u0131rma ve g\u00fc\u00e7lendirme konusundaki kararl\u0131l\u0131\u011f\u0131n\u0131n bir par\u00e7as\u0131 olup, gelecek sezonlar i\u00e7in kal\u0131c\u0131 bir dinamik olu\u015fturma hedefini ta\u015f\u0131yor.<\/p>\n<p>Teknik Direkt\u00f6r olarak, derne\u011fin t\u00fcm spor politikas\u0131n\u0131 y\u00f6netmekten sorumlu olacak. G\u00f6revleri aras\u0131nda farkl\u0131 kategorilerin koordinasyonu, tutarl\u0131 bir \u00e7al\u0131\u015fma metodolojisinin olu\u015fturulmas\u0131, e\u011fitmenlerin e\u011fitimi ve e\u011fitim sisteminin geli\u015ftirilmesi yer al\u0131yor. Yerel yeteneklerin ortaya \u00e7\u0131kmas\u0131n\u0131 sa\u011flamak ve futbol okulu, gen\u00e7 tak\u0131mlar ve yeti\u015fkin tak\u0131mlar aras\u0131nda sa\u011flam bir k\u00f6pr\u00fc kurmak i\u00e7in \u00e7al\u0131\u015facak.<\/p>\n<p>Bu atama, e\u011fitim s\u00fcrecinde s\u00fcreklili\u011fi sa\u011flamak ve FC Rouen 1899&#8217;un kimli\u011fini kal\u0131c\u0131 olarak peki\u015ftirmek amac\u0131yla kul\u00fcb\u00fcn stratejisiyle tam olarak uyumludur.<\/p>\n","protected":false},"excerpt":{"rendered":"<p>Eski Diables Rouges antren\u00f6r\u00fc Romain, kul\u00fcb\u00fcn kimli\u011fini ve de\u011ferlerini \u00e7ok iyi biliyor. Geri d\u00f6n\u00fc\u015f\u00fc, spor projesini yap\u0131land\u0131rma ve g\u00fc\u00e7lendirme konusundaki kararl\u0131l\u0131\u011f\u0131n\u0131n bir par\u00e7as\u0131 olup, gelecek sezonlar i\u00e7in kal\u0131c\u0131 bir dinamik olu\u015fturma hedefini ta\u015f\u0131yor. Teknik Direkt\u00f6r olarak, derne\u011fin t\u00fcm spor politikas\u0131n\u0131 y\u00f6netmekten sorumlu olacak. G\u00f6revleri aras\u0131nda farkl\u0131 kategorilerin koordinasyonu, tutarl\u0131 bir \u00e7al\u0131\u015fma metodolojisinin olu\u015fturulmas\u0131, e\u011fitmenlerin e\u011fitimi [&hellip;]<\/p>\n","protected":false},"author":2,"featured_media":21404,"comment_status":"open","ping_status":"open","sticky":false,"template":"","format":"standard","meta":{"_acf_changed":false,"footnotes":""},"categories":[88,91],"tags":[],"class_list":["post-24976","post","type-post","status-publish","format-standard","has-post-thumbnail","hentry","category-kulup-tr","category-haberler-tr"],"acf":[],"_links":{"self":[{"href":"https:\/\/fcr1899.com\/tr\/wp-json\/wp\/v2\/posts\/24976","targetHints":{"allow":["GET"]}}],"collection":[{"href":"https:\/\/fcr1899.com\/tr\/wp-json\/wp\/v2\/posts"}],"about":[{"href":"https:\/\/fcr1899.com\/tr\/wp-json\/wp\/v2\/types\/post"}],"author":[{"embeddable":true,"href":"https:\/\/fcr1899.com\/tr\/wp-json\/wp\/v2\/users\/2"}],"replies":[{"embeddable":true,"href":"https:\/\/fcr1899.com\/tr\/wp-json\/wp\/v2\/comments?post=24976"}],"version-history":[{"count":1,"href":"https:\/\/fcr1899.com\/tr\/wp-json\/wp\/v2\/posts\/24976\/revisions"}],"predecessor-version":[{"id":24977,"href":"https:\/\/fcr1899.com\/tr\/wp-json\/wp\/v2\/posts\/24976\/revisions\/24977"}],"wp:featuredmedia":[{"embeddable":true,"href":"https:\/\/fcr1899.com\/tr\/wp-json\/wp\/v2\/media\/21404"}],"wp:attachment":[{"href":"https:\/\/fcr1899.com\/tr\/wp-json\/wp\/v2\/media?parent=24976"}],"wp:term":[{"taxonomy":"category","embeddable":true,"href":"https:\/\/fcr1899.com\/tr\/wp-json\/wp\/v2\/categories?post=24976"},{"taxonomy":"post_tag","embeddable":true,"href":"https:\/\/fcr1899.com\/tr\/wp-json\/wp\/v2\/tags?post=24976"}],"curies":[{"name":"wp","href":"https:\/\/api.w.org\/{rel}","templated":true}]}}