{"id":24945,"date":"2025-05-10T11:19:13","date_gmt":"2025-05-10T10:19:13","guid":{"rendered":"https:\/\/fcr1899.com\/?p=24945"},"modified":"2025-07-15T08:21:32","modified_gmt":"2025-07-15T07:21:32","slug":"regis-brouard-2025-2026-sezonu-icin-teknik-direktor-olacak","status":"publish","type":"post","link":"https:\/\/fcr1899.com\/tr\/regis-brouard-2025-2026-sezonu-icin-teknik-direktor-olacak\/","title":{"rendered":"Regis Brouard, 2025\/2026 sezonu i\u00e7in teknik direkt\u00f6r olacak"},"content":{"rendered":"<p>Regis Brouard, 2025\/2026 sezonu i\u00e7in FC Rouen 1899&#8217;un teknik direkt\u00f6r\u00fc olacak.<\/p>\n<p>S\u00f6zle\u015fmesi devam eden FCR teknik direkt\u00f6r\u00fc, gelecek sezon i\u00e7in kul\u00fcple olan 2. y\u0131l s\u00f6zle\u015fmesini yerine getirece\u011fini resmi olarak do\u011frulad\u0131. Bu a\u00e7\u0131klamayla, ba\u015fka bir kul\u00fcbe transfer olaca\u011f\u0131na dair s\u00f6ylentilere son verdi.<\/p>\n<p>Durum, ba\u015fkan Tarkan SER ile net bir \u015fekilde a\u00e7\u0131kl\u0131\u011fa kavu\u015fturuldu. \u0130kili, iddial\u0131 bir spor projesi olu\u015fturma ve FC Rouen&#8217;i daha da ileriye ta\u015f\u0131ma konusundaki ortak iradelerini yeniden teyit ettiler.<\/p>\n","protected":false},"excerpt":{"rendered":"<p>Regis Brouard, 2025\/2026 sezonu i\u00e7in FC Rouen 1899&#8217;un teknik direkt\u00f6r\u00fc olacak. S\u00f6zle\u015fmesi devam eden FCR teknik direkt\u00f6r\u00fc, gelecek sezon i\u00e7in kul\u00fcple olan 2. y\u0131l s\u00f6zle\u015fmesini yerine getirece\u011fini resmi olarak do\u011frulad\u0131. Bu a\u00e7\u0131klamayla, ba\u015fka bir kul\u00fcbe transfer olaca\u011f\u0131na dair s\u00f6ylentilere son verdi. Durum, ba\u015fkan Tarkan SER ile net bir \u015fekilde a\u00e7\u0131kl\u0131\u011fa kavu\u015fturuldu. \u0130kili, iddial\u0131 bir spor [&hellip;]<\/p>\n","protected":false},"author":2,"featured_media":21008,"comment_status":"open","ping_status":"open","sticky":false,"template":"","format":"standard","meta":{"_acf_changed":false,"footnotes":""},"categories":[91,92],"tags":[],"class_list":["post-24945","post","type-post","status-publish","format-standard","has-post-thumbnail","hentry","category-haberler-tr","category-destekciler-tr"],"acf":[],"_links":{"self":[{"href":"https:\/\/fcr1899.com\/tr\/wp-json\/wp\/v2\/posts\/24945","targetHints":{"allow":["GET"]}}],"collection":[{"href":"https:\/\/fcr1899.com\/tr\/wp-json\/wp\/v2\/posts"}],"about":[{"href":"https:\/\/fcr1899.com\/tr\/wp-json\/wp\/v2\/types\/post"}],"author":[{"embeddable":true,"href":"https:\/\/fcr1899.com\/tr\/wp-json\/wp\/v2\/users\/2"}],"replies":[{"embeddable":true,"href":"https:\/\/fcr1899.com\/tr\/wp-json\/wp\/v2\/comments?post=24945"}],"version-history":[{"count":2,"href":"https:\/\/fcr1899.com\/tr\/wp-json\/wp\/v2\/posts\/24945\/revisions"}],"predecessor-version":[{"id":24947,"href":"https:\/\/fcr1899.com\/tr\/wp-json\/wp\/v2\/posts\/24945\/revisions\/24947"}],"wp:featuredmedia":[{"embeddable":true,"href":"https:\/\/fcr1899.com\/tr\/wp-json\/wp\/v2\/media\/21008"}],"wp:attachment":[{"href":"https:\/\/fcr1899.com\/tr\/wp-json\/wp\/v2\/media?parent=24945"}],"wp:term":[{"taxonomy":"category","embeddable":true,"href":"https:\/\/fcr1899.com\/tr\/wp-json\/wp\/v2\/categories?post=24945"},{"taxonomy":"post_tag","embeddable":true,"href":"https:\/\/fcr1899.com\/tr\/wp-json\/wp\/v2\/tags?post=24945"}],"curies":[{"name":"wp","href":"https:\/\/api.w.org\/{rel}","templated":true}]}}