{"id":24918,"date":"2025-05-08T10:11:25","date_gmt":"2025-05-08T09:11:25","guid":{"rendered":"https:\/\/fcr1899.com\/?p=24918"},"modified":"2025-07-14T15:12:32","modified_gmt":"2025-07-14T14:12:32","slug":"basin-toplantisi-ichem-ferrah","status":"publish","type":"post","link":"https:\/\/fcr1899.com\/tr\/basin-toplantisi-ichem-ferrah\/","title":{"rendered":"Bas\u0131n toplant\u0131s\u0131: Ichem Ferrah"},"content":{"rendered":"<p>Ichem Ferrah, Paris 13 ile oynanacak ma\u00e7 \u00f6ncesinde bas\u0131n toplant\u0131s\u0131nda konu\u015ftu.<\/p>\n<p>&nbsp;<\/p>\n<p>Le Mans ile berabere kald\u0131ktan sonra FC Rouen, ilk 3 tak\u0131m kar\u015f\u0131s\u0131nda yenilmezli\u011fini s\u00fcrd\u00fcrd\u00fc. Bu durum sizi memnun ediyor mu? Yoksa s\u0131ralamada daha \u00fcst s\u0131ralarda olamaman\u0131n pi\u015fmanl\u0131\u011f\u0131n\u0131 m\u0131 duyuyorsunuz?<\/p>\n<p><strong>IF<\/strong>: Evet, biraz pi\u015fmanl\u0131k duyuyorum&#8230; Boulogne&#8217;da zorlu bir ma\u00e7ta galip geldik, ard\u0131ndan Le Mans&#8217;ta da iyi bir performans sergiledik.<\/p>\n<p><em>Le Mans&#8217;ta sezonun ikinci gol\u00fcn\u00fc att\u0131n.<\/em><\/p>\n<p><strong>IF<\/strong>: \u0130yi bir ma\u00e7 \u00e7\u0131kard\u0131m, ama baz\u0131 f\u0131rsatlar\u0131 da ka\u00e7\u0131rd\u0131m. Bu gol beni rahatlatt\u0131 ve tak\u0131m\u0131n bu ma\u00e7ta galip gelmesine yard\u0131mc\u0131 oldu.<\/p>\n<p><em>Forvetin alt\u0131nda daha serbest bir rol\u00fcn vard\u0131. Nas\u0131l hissettin?<\/em><\/p>\n<p><strong>IF<\/strong>: Ortada da, kenarda da rahat hissediyorum. Cuma g\u00fcn\u00fc, her yere serbest\u00e7e gidebilirdim.<\/p>\n<p><em>Cuma g\u00fcn\u00fc FCR, Paris 13 ile kar\u015f\u0131la\u015facak. Bu ma\u00e7a nas\u0131l yakla\u015f\u0131yorsun?<\/em><\/p>\n<p><strong>IF<\/strong>: Hala k\u00fcmede kalmak i\u00e7in m\u00fccadele eden bir tak\u0131ma kar\u015f\u0131 kolay bir ma\u00e7 olmayacak. \u0130yi \u00e7al\u0131\u015f\u0131p bu ma\u00e7a iyi haz\u0131rlanmak bizim g\u00f6revimiz. Kapal\u0131 kap\u0131lar ard\u0131nda oynanacak olmas\u0131 nedeniyle \u00f6zel bir durum olacak. Bu, ma\u00e7a do\u011fru \u015fekilde yakla\u015fmam\u0131z\u0131 engellememeli.<\/p>\n","protected":false},"excerpt":{"rendered":"<p>Ichem Ferrah, Paris 13 ile oynanacak ma\u00e7 \u00f6ncesinde bas\u0131n toplant\u0131s\u0131nda konu\u015ftu. &nbsp; Le Mans ile berabere kald\u0131ktan sonra FC Rouen, ilk 3 tak\u0131m kar\u015f\u0131s\u0131nda yenilmezli\u011fini s\u00fcrd\u00fcrd\u00fc. Bu durum sizi memnun ediyor mu? Yoksa s\u0131ralamada daha \u00fcst s\u0131ralarda olamaman\u0131n pi\u015fmanl\u0131\u011f\u0131n\u0131 m\u0131 duyuyorsunuz? IF: Evet, biraz pi\u015fmanl\u0131k duyuyorum&#8230; Boulogne&#8217;da zorlu bir ma\u00e7ta galip geldik, ard\u0131ndan Le Mans&#8217;ta [&hellip;]<\/p>\n","protected":false},"author":2,"featured_media":20947,"comment_status":"open","ping_status":"open","sticky":false,"template":"","format":"standard","meta":{"_acf_changed":false,"footnotes":""},"categories":[88,91],"tags":[],"class_list":["post-24918","post","type-post","status-publish","format-standard","has-post-thumbnail","hentry","category-kulup-tr","category-haberler-tr"],"acf":[],"_links":{"self":[{"href":"https:\/\/fcr1899.com\/tr\/wp-json\/wp\/v2\/posts\/24918","targetHints":{"allow":["GET"]}}],"collection":[{"href":"https:\/\/fcr1899.com\/tr\/wp-json\/wp\/v2\/posts"}],"about":[{"href":"https:\/\/fcr1899.com\/tr\/wp-json\/wp\/v2\/types\/post"}],"author":[{"embeddable":true,"href":"https:\/\/fcr1899.com\/tr\/wp-json\/wp\/v2\/users\/2"}],"replies":[{"embeddable":true,"href":"https:\/\/fcr1899.com\/tr\/wp-json\/wp\/v2\/comments?post=24918"}],"version-history":[{"count":3,"href":"https:\/\/fcr1899.com\/tr\/wp-json\/wp\/v2\/posts\/24918\/revisions"}],"predecessor-version":[{"id":24921,"href":"https:\/\/fcr1899.com\/tr\/wp-json\/wp\/v2\/posts\/24918\/revisions\/24921"}],"wp:featuredmedia":[{"embeddable":true,"href":"https:\/\/fcr1899.com\/tr\/wp-json\/wp\/v2\/media\/20947"}],"wp:attachment":[{"href":"https:\/\/fcr1899.com\/tr\/wp-json\/wp\/v2\/media?parent=24918"}],"wp:term":[{"taxonomy":"category","embeddable":true,"href":"https:\/\/fcr1899.com\/tr\/wp-json\/wp\/v2\/categories?post=24918"},{"taxonomy":"post_tag","embeddable":true,"href":"https:\/\/fcr1899.com\/tr\/wp-json\/wp\/v2\/tags?post=24918"}],"curies":[{"name":"wp","href":"https:\/\/api.w.org\/{rel}","templated":true}]}}