{"id":24900,"date":"2025-05-06T12:36:51","date_gmt":"2025-05-06T11:36:51","guid":{"rendered":"https:\/\/fcr1899.com\/?p=24900"},"modified":"2025-07-14T14:28:56","modified_gmt":"2025-07-14T13:28:56","slug":"kulubun-125-yili-16-anilariniz","status":"publish","type":"post","link":"https:\/\/fcr1899.com\/tr\/kulubun-125-yili-16-anilariniz\/","title":{"rendered":"Kul\u00fcb\u00fcn 125. y\u0131l\u0131 #16: An\u0131lar\u0131n\u0131z"},"content":{"rendered":"<p>FCR&#8217;nin 125. y\u0131l\u0131 vesilesiyle, birka\u00e7 hafta boyunca kul\u00fcb\u00fcn efsanevi tarihini \u00f6nemli sezonlar, ikonik ma\u00e7lar ve efsanevi ki\u015filikler arac\u0131l\u0131\u011f\u0131yla yeniden canland\u0131rmaya \u00e7al\u0131\u015ft\u0131k.<\/p>\n<p>Kul\u00fcb\u00fcn tarihine yapt\u0131\u011f\u0131m\u0131z bu geri d\u00f6n\u00fc\u015f\u00fc tamamlamak i\u00e7in sizden ANILARINIZI istedik. \u0130\u015fte bunlardan bir se\u00e7ki.<\/p>\n<p><em>CYRILLE COUTURIER<\/em><\/p>\n<p>Bu tutkuyu bana, yakla\u015f\u0131k 50 y\u0131ld\u0131r kul\u00fcb\u00fcn taraftar\u0131 olan babam a\u015f\u0131lad\u0131. Diochon&#8217;da izledi\u011fim ilk ma\u00e7, 1999 y\u0131l\u0131nda Sedan ile oynanan Fransa Kupas\u0131 ma\u00e7\u0131yd\u0131.<\/p>\n<p>Sonra, \u00fc\u00e7 \u00f6nemli an\u0131m var. 2002-2003 sezonunda Ligue 2&#8217;ye y\u00fckseldi\u011fimiz Al\u00e8s ma\u00e7\u0131nda 0-0 berabere kald\u0131k. \u0130kinci an\u0131m, Le Havre&#8217;ye yapt\u0131\u011f\u0131m ilk seyahat ve 2-0 kaybetti\u011fimiz ma\u00e7. Son olarak, ge\u00e7en sezonun Fransa Kupas\u0131: \u00e7eyrek finale kadar iyi bir performans g\u00f6sterdik.<\/p>\n<p><em>CLEMENT FOUCARD<\/em><\/p>\n<p>FCR ile olan hikayem 1987 y\u0131l\u0131n\u0131n bir \u00f6\u011fleden sonra, Ferme sahas\u0131n\u0131n yan\u0131nda yeni ba\u015flayanlar i\u00e7in yap\u0131lan antrenmanla ba\u015flad\u0131. Ak\u015fam\u00fcst\u00fc Diochon&#8217;a gidip FCR-Caen ma\u00e7\u0131n\u0131 izledim ve Diables rouges 2-1 galip geldi.<\/p>\n<p>Ard\u0131ndan, bir dizi kar\u015f\u0131la\u015fma, payla\u015f\u0131mlar, galibiyet gecelerinde b\u00fcy\u00fck sevin\u00e7ler, y\u00fckseli\u015fler ve ma\u011flubiyet gecelerinde sonsuz \u00fcz\u00fcnt\u00fcler geldi.<\/p>\n<p>FCR ile olan hikayem, Diochon&#8217;da y\u00fczlerce ma\u00e7 ve kul\u00fcb\u00fc takip etmek i\u00e7in kat etti\u011fim kilometrelerce yol!<\/p>\n<p><em>FRED VAST<\/em><\/p>\n<p>Benim i\u00e7in iki efsanevi ki\u015filik, Djamel Tlem\u00e7ani (kul\u00fcpte g\u00f6rd\u00fc\u011f\u00fcm en g\u00fc\u00e7l\u00fc oyuncu) ve Philippe Chanlot (inan\u0131lmaz bir karizma ve ger\u00e7ek bir lider).<\/p>\n<p>Rouen &#8211; Rennes ma\u00e7\u0131 benim i\u00e7in izleme f\u0131rsat\u0131 buldu\u011fum en ikonik ma\u00e7.<\/p>\n<p>Ve 2004&#8217;teki FCR &#8211; HAC ma\u00e7\u0131 ve 4\/0&#8217;l\u0131k skor.<\/p>\n<p><em>PHILIPPE BACHELET<\/em><\/p>\n<p>Spor a\u00e7\u0131s\u0131ndan, Jean-Fran\u00e7ois Beltramini&#8217;nin Nancy&#8217;ye kar\u015f\u0131 sergiledi\u011fi muhte\u015fem performans\u0131 hat\u0131rl\u0131yorum. Spor d\u0131\u015f\u0131 a\u00e7\u0131dan ise, viskiyle kafay\u0131 bulan Eddy Mitchell&#8217;in, hakem i\u00e7in \u00e7ekim s\u0131ras\u0131nda d\u00fcd\u00fc\u011f\u00fc \u00fcfleyememesini hat\u0131rl\u0131yorum!<\/p>\n<p><em>LUC LAURENT<\/em><\/p>\n<p>80&#8217;lerin ba\u015f\u0131nda D1 y\u0131llar\u0131. Ben bir ergendim ve Tlem\u00e7ani, Beltramini, Alberto ve arkada\u015flar\u0131n\u0131n Diochon&#8217;da b\u00fcy\u00fckleri yenmesini izlerken hayal kurard\u0131m. Pascal Malbeaux&#8217;nun lider Bordeaux&#8217;ya att\u0131\u011f\u0131 o ola\u011fan\u00fcst\u00fc gol ve bug\u00fcn Lenoble trib\u00fcn\u00fc olan \u201cShell\u201d trib\u00fcn\u00fcn\u00fcn sevin\u00e7 patlamas\u0131. 1983 yaz\u0131nda bir ak\u015fam Nancy&#8217;ye kar\u015f\u0131 \u201cBeltra\u201dn\u0131n 5 gol\u00fc, 4&#8217;\u00fc kafa vuru\u015fuydu (7-1). Ve 1985 Haziran\u0131n\u0131n o \u00fcz\u00fcc\u00fc g\u00fcn\u00fc, Rennes&#8217;e kar\u015f\u0131 penalt\u0131 at\u0131\u015flar\u0131nda Diables&#8217;i cehenneme g\u00f6nderen ac\u0131mas\u0131z penalt\u0131 at\u0131\u015flar\u0131n\u0131 izledim. San\u0131r\u0131m o ak\u015fam, 16 ya\u015f\u0131nda, a\u011flad\u0131m.<\/p>\n<p><em>CHRIS KURZ<\/em><\/p>\n<p>31 A\u011fustos 1983&#8217;te, o zamanlar 13 ya\u015f\u0131ndayd\u0131m ve bir arkada\u015f\u0131mla birlikte ilk kez Diochon&#8217;a gittim. Goleador Beltramini&#8217;nin Nancy&#8217;yi 7-1&#8217;lik ezici bir galibiyetle ma\u011flup etti\u011fi ma\u00e7, benim i\u00e7in tam bir ate\u015fle vaftizdi. Bu kul\u00fcbe nas\u0131l a\u015f\u0131k olmamak m\u00fcmk\u00fcn olabilir ki?<\/p>\n<p><em>DOMINIQUE DRIEUX<\/em><\/p>\n<p>Diochon&#8217;da ilk ma\u00e7\u0131m\u0131 1972&#8217;de izledim: Rouen -Boulogne. Sonra iki unutulmaz an\u0131m var. D1&#8217;e y\u00fckselme i\u00e7in Saint-Ouen&#8217;e yapt\u0131\u011f\u0131m\u0131z seyahat. A13 otoyolu Paris y\u00f6n\u00fcnde k\u0131rm\u0131z\u0131 ve beyaz renklere b\u00fcr\u00fcnm\u00fc\u015ft\u00fc: arabalar\u0131n camlar\u0131nda bayraklar, kornalar&#8230;<\/p>\n<p>\u0130kincisi ise bir arkada\u015f\u0131mla Rouen rive droite yat\u0131l\u0131 okulundayken ya\u015fand\u0131. Tren istasyonuna bir \u015feyler i\u00e7meye gittik ve Ignacio Pena&#8217;y\u0131 pinball oynarken g\u00f6rd\u00fck. Onunla sohbet ettik ve bizi Diochon&#8217;daki antrenmana davet etti. 15 ya\u015f\u0131ndayd\u0131k ve 504 coupe ile stadyuma, o d\u00f6nemin oyuncular\u0131n\u0131n aras\u0131na gittik. Bu an\u0131 sonsuza kadar unutmayaca\u011f\u0131m!<\/p>\n<p><em>NICOLAS BROUCK<\/em><\/p>\n<p>Vicot&#8217;un birinci ligde oldu\u011fu d\u00f6nem, elbette Rouen-Nancy&#8217;nin zirvede oldu\u011fu d\u00f6nem. Sonra, Orts-Horlaville ikilisi ve Soloy&#8217;un pas\u00f6rl\u00fc\u011f\u00fc.<\/p>\n<p>Ve Bertin d\u00f6nemi, CFA ve National&#8217;da g\u00fczel sezonlar (ve Diochon&#8217;daki inan\u0131lmaz atmosfer ve deplasmanlar) ve Ligue 2&#8217;ye y\u00fckselme, ne yaz\u0131k ki sezonun ba\u015f\u0131nda sakatlanan muhte\u015fem Chanlot ile. Bertin d\u00f6neminde bu anlar\u0131 \u201ccanl\u0131\u201d ve i\u00e7eriden ya\u015fad\u0131m. Unutulmaz anlar.<\/p>\n<p><em>PEDROSH*<\/em><\/p>\n<p>Mutlaka olumlu bir an\u0131 de\u011fil ama \u015f\u00fcphesiz en \u00e7ok akl\u0131mda kalan ma\u00e7 bu. Rouen-Fauville 2016.<\/p>\n<p>DH&#8217;nin alt s\u0131ralar\u0131nda QRM projesiyle tek ba\u015f\u0131m\u0131za m\u00fccadele etti\u011fimiz zorlu bir sezonun ard\u0131ndan, kul\u00fcb\u00fcn hayatta kalmas\u0131 i\u00e7in hayati \u00f6nem ta\u015f\u0131yan CFA 2&#8217;ye y\u00fckselme yar\u0131\u015f\u0131 i\u00e7in sezonun son ma\u00e7\u0131 i\u00e7in Diochon&#8217;da bulu\u015ftuk.<\/p>\n<p>Hat\u0131rlad\u0131\u011f\u0131m kadar\u0131yla, ma\u00e7\u0131n ba\u015flang\u0131c\u0131nda iki puan gerideydik ve gol ortalamam\u0131z da k\u00f6t\u00fcyd\u00fc.<\/p>\n<p>Diochon&#8217;da Rouen Fans&#8217;\u0131n g\u00fczel tifosu ile harika bir atmosfer vard\u0131, bu ma\u00e7\u0131n kul\u00fcb\u00fcn gelece\u011fi i\u00e7in hayati \u00f6nem ta\u015f\u0131d\u0131\u011f\u0131n\u0131 hissediyorduk. Diochon 90 dakika boyunca co\u015fkuyla ba\u011f\u0131rd\u0131.<\/p>\n<p>H\u0131zl\u0131 bir \u015fekilde skoru a\u00e7\u0131yoruz ama k\u0131rm\u0131z\u0131 kartla kalecimizi kaybediyoruz ve k\u0131sa s\u00fcrede 2-1 geriye d\u00fc\u015f\u00fcyoruz. \u00c7\u0131lg\u0131n bir senaryoya sahip ma\u00e7ta 3 penalt\u0131 ka\u00e7\u0131r\u0131yoruz ve 6. gol\u00fcn ard\u0131ndan QRM B&#8217;yi gol ortalamas\u0131nda ge\u00e7me umuduyla 6-3 kazan\u0131yoruz. Ne yaz\u0131k ki, burada duruyor ve y\u00fckselmeye iki gol farkla ula\u015fam\u0131yoruz.<\/p>\n<p>Nadiren ya\u015fad\u0131\u011f\u0131m, t\u00fcm olas\u0131 ve hayal edilebilir duygular\u0131 ya\u015fad\u0131\u011f\u0131m ma\u00e7lardan biri.<\/p>\n","protected":false},"excerpt":{"rendered":"<p>FCR&#8217;nin 125. y\u0131l\u0131 vesilesiyle, birka\u00e7 hafta boyunca kul\u00fcb\u00fcn efsanevi tarihini \u00f6nemli sezonlar, ikonik ma\u00e7lar ve efsanevi ki\u015filikler arac\u0131l\u0131\u011f\u0131yla yeniden canland\u0131rmaya \u00e7al\u0131\u015ft\u0131k. Kul\u00fcb\u00fcn tarihine yapt\u0131\u011f\u0131m\u0131z bu geri d\u00f6n\u00fc\u015f\u00fc tamamlamak i\u00e7in sizden ANILARINIZI istedik. \u0130\u015fte bunlardan bir se\u00e7ki. CYRILLE COUTURIER Bu tutkuyu bana, yakla\u015f\u0131k 50 y\u0131ld\u0131r kul\u00fcb\u00fcn taraftar\u0131 olan babam a\u015f\u0131lad\u0131. Diochon&#8217;da izledi\u011fim ilk ma\u00e7, 1999 y\u0131l\u0131nda [&hellip;]<\/p>\n","protected":false},"author":2,"featured_media":20803,"comment_status":"open","ping_status":"open","sticky":false,"template":"","format":"standard","meta":{"_acf_changed":false,"footnotes":""},"categories":[88,91],"tags":[],"class_list":["post-24900","post","type-post","status-publish","format-standard","has-post-thumbnail","hentry","category-kulup-tr","category-haberler-tr"],"acf":[],"_links":{"self":[{"href":"https:\/\/fcr1899.com\/tr\/wp-json\/wp\/v2\/posts\/24900","targetHints":{"allow":["GET"]}}],"collection":[{"href":"https:\/\/fcr1899.com\/tr\/wp-json\/wp\/v2\/posts"}],"about":[{"href":"https:\/\/fcr1899.com\/tr\/wp-json\/wp\/v2\/types\/post"}],"author":[{"embeddable":true,"href":"https:\/\/fcr1899.com\/tr\/wp-json\/wp\/v2\/users\/2"}],"replies":[{"embeddable":true,"href":"https:\/\/fcr1899.com\/tr\/wp-json\/wp\/v2\/comments?post=24900"}],"version-history":[{"count":3,"href":"https:\/\/fcr1899.com\/tr\/wp-json\/wp\/v2\/posts\/24900\/revisions"}],"predecessor-version":[{"id":24903,"href":"https:\/\/fcr1899.com\/tr\/wp-json\/wp\/v2\/posts\/24900\/revisions\/24903"}],"wp:featuredmedia":[{"embeddable":true,"href":"https:\/\/fcr1899.com\/tr\/wp-json\/wp\/v2\/media\/20803"}],"wp:attachment":[{"href":"https:\/\/fcr1899.com\/tr\/wp-json\/wp\/v2\/media?parent=24900"}],"wp:term":[{"taxonomy":"category","embeddable":true,"href":"https:\/\/fcr1899.com\/tr\/wp-json\/wp\/v2\/categories?post=24900"},{"taxonomy":"post_tag","embeddable":true,"href":"https:\/\/fcr1899.com\/tr\/wp-json\/wp\/v2\/tags?post=24900"}],"curies":[{"name":"wp","href":"https:\/\/api.w.org\/{rel}","templated":true}]}}