{"id":24887,"date":"2025-05-05T14:00:31","date_gmt":"2025-05-05T13:00:31","guid":{"rendered":"https:\/\/fcr1899.com\/?p=24887"},"modified":"2025-07-14T13:35:50","modified_gmt":"2025-07-14T12:35:50","slug":"resmi-aciklama-fc-rouen-3","status":"publish","type":"post","link":"https:\/\/fcr1899.com\/tr\/resmi-aciklama-fc-rouen-3\/","title":{"rendered":"Resmi A\u00e7\u0131klama \u2013 FC Rouen"},"content":{"rendered":"<p>Birlik ruhu i\u00e7inde, SAS ve FC Rouen Derne\u011fi bug\u00fcn el ele ilerlediklerini duyurmaktan gurur duyarlar.<\/p>\n<p>Bu i\u015fbirli\u011fi, kul\u00fcp i\u00e7in iddial\u0131, yap\u0131land\u0131r\u0131lm\u0131\u015f ve s\u00fcrd\u00fcr\u00fclebilir bir gelecek in\u015fa etme konusundaki ortak irademizin \u00f6nemli bir ad\u0131m\u0131n\u0131 olu\u015fturmaktad\u0131r.<\/p>\n<p>Bu yap\u0131n\u0131n ilk ta\u015f\u0131, finansal uyar\u0131 prosed\u00fcr\u00fcn\u00fcn kald\u0131r\u0131lmas\u0131yd\u0131. Hala yap\u0131lmas\u0131 gereken bir\u00e7ok i\u015f var.<\/p>\n<p>G\u00fc\u00e7lerimizi, becerilerimizi ve de\u011ferlerimizi birle\u015ftirerek, FCR&#8217;yi hem sportif a\u00e7\u0131dan hem de genel geli\u015fiminde parlatmaya kararl\u0131y\u0131z.<\/p>\n<p>Bu, t\u00fcm ortaklar\u0131m\u0131za, taraftarlar\u0131m\u0131za ve futbolseverlere y\u00f6nelik g\u00fc\u00e7l\u00fc bir mesajd\u0131r. FCR&#8217;nin gelece\u011fi in\u015fa etmek i\u00e7in hepimizin deste\u011fine ihtiyac\u0131 var.<\/p>\n<p>Ba\u015fkan, Tarkan SER.<\/p>\n","protected":false},"excerpt":{"rendered":"<p>Birlik ruhu i\u00e7inde, SAS ve FC Rouen Derne\u011fi bug\u00fcn el ele ilerlediklerini duyurmaktan gurur duyarlar. Bu i\u015fbirli\u011fi, kul\u00fcp i\u00e7in iddial\u0131, yap\u0131land\u0131r\u0131lm\u0131\u015f ve s\u00fcrd\u00fcr\u00fclebilir bir gelecek in\u015fa etme konusundaki ortak irademizin \u00f6nemli bir ad\u0131m\u0131n\u0131 olu\u015fturmaktad\u0131r. Bu yap\u0131n\u0131n ilk ta\u015f\u0131, finansal uyar\u0131 prosed\u00fcr\u00fcn\u00fcn kald\u0131r\u0131lmas\u0131yd\u0131. Hala yap\u0131lmas\u0131 gereken bir\u00e7ok i\u015f var. G\u00fc\u00e7lerimizi, becerilerimizi ve de\u011ferlerimizi birle\u015ftirerek, FCR&#8217;yi hem [&hellip;]<\/p>\n","protected":false},"author":2,"featured_media":7973,"comment_status":"open","ping_status":"open","sticky":false,"template":"","format":"standard","meta":{"_acf_changed":false,"footnotes":""},"categories":[88,91],"tags":[],"class_list":["post-24887","post","type-post","status-publish","format-standard","has-post-thumbnail","hentry","category-kulup-tr","category-haberler-tr"],"acf":[],"_links":{"self":[{"href":"https:\/\/fcr1899.com\/tr\/wp-json\/wp\/v2\/posts\/24887","targetHints":{"allow":["GET"]}}],"collection":[{"href":"https:\/\/fcr1899.com\/tr\/wp-json\/wp\/v2\/posts"}],"about":[{"href":"https:\/\/fcr1899.com\/tr\/wp-json\/wp\/v2\/types\/post"}],"author":[{"embeddable":true,"href":"https:\/\/fcr1899.com\/tr\/wp-json\/wp\/v2\/users\/2"}],"replies":[{"embeddable":true,"href":"https:\/\/fcr1899.com\/tr\/wp-json\/wp\/v2\/comments?post=24887"}],"version-history":[{"count":1,"href":"https:\/\/fcr1899.com\/tr\/wp-json\/wp\/v2\/posts\/24887\/revisions"}],"predecessor-version":[{"id":24888,"href":"https:\/\/fcr1899.com\/tr\/wp-json\/wp\/v2\/posts\/24887\/revisions\/24888"}],"wp:featuredmedia":[{"embeddable":true,"href":"https:\/\/fcr1899.com\/tr\/wp-json\/wp\/v2\/media\/7973"}],"wp:attachment":[{"href":"https:\/\/fcr1899.com\/tr\/wp-json\/wp\/v2\/media?parent=24887"}],"wp:term":[{"taxonomy":"category","embeddable":true,"href":"https:\/\/fcr1899.com\/tr\/wp-json\/wp\/v2\/categories?post=24887"},{"taxonomy":"post_tag","embeddable":true,"href":"https:\/\/fcr1899.com\/tr\/wp-json\/wp\/v2\/tags?post=24887"}],"curies":[{"name":"wp","href":"https:\/\/api.w.org\/{rel}","templated":true}]}}