{"id":24793,"date":"2025-04-21T18:32:03","date_gmt":"2025-04-21T17:32:03","guid":{"rendered":"https:\/\/fcr1899.com\/?p=24793"},"modified":"2025-07-14T10:22:42","modified_gmt":"2025-07-14T09:22:42","slug":"kulubun-125-yili-15-ulusal-lige-yukselme","status":"publish","type":"post","link":"https:\/\/fcr1899.com\/tr\/kulubun-125-yili-15-ulusal-lige-yukselme\/","title":{"rendered":"Kul\u00fcb\u00fcn 125. y\u0131l\u0131 #15: Ulusal Lig&#8217;e y\u00fckselme"},"content":{"rendered":"<p>On y\u0131l sonra, FC Rouen Ulusal Lig&#8217;e geri d\u00f6n\u00fcyor!<\/p>\n<p>FCR&#8217;nin 2022-2023 sezonu, Beauvais&#8217;e kar\u015f\u0131 son dakikada elde edilen zaferle epik bir ba\u015flang\u0131\u00e7 yapt\u0131. Bu, Diables rouges i\u00e7in duygusal ve \u00e7\u0131lg\u0131n senaryolarla dolu bir sezonun sembol\u00fc oldu, t\u0131pk\u0131 Diochon&#8217;da Caen (B) kar\u015f\u0131s\u0131nda al\u0131nan 4-3&#8217;l\u00fck galibiyet gibi!<\/p>\n<p>FC Rouen h\u0131zla ilk s\u0131ralara yerle\u015fti, Diochon&#8217;da co\u015fkulu bir atmosferde Racing CF&#8217;ye direndi ve Noel tatilini lider olarak ge\u00e7irdi. Aradan sonra FCR rotas\u0131n\u0131 korudu ve son sprintte ve Racing CF ile oynad\u0131\u011f\u0131 r\u00f6van\u015f ma\u00e7\u0131nda liderli\u011fini s\u00fcrd\u00fcrd\u00fc.<\/p>\n<p>Rouenliler, do\u011frudan rakibinden bir puan ald\u0131ktan sonra Vannes ve Evreux&#8217;ya kar\u015f\u0131 iki galibiyet elde etti. Bu son galibiyet, FCR&#8217;ye \u015fampiyonlu\u011fu garantiledi. Oyuncular ve teknik ekip Eure&#8217;den d\u00f6nd\u00fcklerinde ola\u011fan\u00fcst\u00fc bir kutlama yap\u0131ld\u0131, bir hafta sonra ise Diochon&#8217;da Chartres ile oynanan sezonun son ma\u00e7\u0131nda da kutlamalar devam etti.<\/p>\n<p>On y\u0131l sonra, bir sonraki y\u0131l National&#8217;da Diables rouges, hem \u015fampiyonada hem de Fransa Kupas\u0131&#8217;nda spor a\u00e7\u0131s\u0131ndan \u00e7ok ba\u015far\u0131l\u0131 bir sezon ge\u00e7irdi!<\/p>\n<p>#TeamFCR #Rouen #Normandie #FCR1899<\/p>\n","protected":false},"excerpt":{"rendered":"<p>On y\u0131l sonra, FC Rouen Ulusal Lig&#8217;e geri d\u00f6n\u00fcyor! FCR&#8217;nin 2022-2023 sezonu, Beauvais&#8217;e kar\u015f\u0131 son dakikada elde edilen zaferle epik bir ba\u015flang\u0131\u00e7 yapt\u0131. Bu, Diables rouges i\u00e7in duygusal ve \u00e7\u0131lg\u0131n senaryolarla dolu bir sezonun sembol\u00fc oldu, t\u0131pk\u0131 Diochon&#8217;da Caen (B) kar\u015f\u0131s\u0131nda al\u0131nan 4-3&#8217;l\u00fck galibiyet gibi! FC Rouen h\u0131zla ilk s\u0131ralara yerle\u015fti, Diochon&#8217;da co\u015fkulu bir atmosferde [&hellip;]<\/p>\n","protected":false},"author":2,"featured_media":19737,"comment_status":"open","ping_status":"open","sticky":false,"template":"","format":"standard","meta":{"_acf_changed":false,"footnotes":""},"categories":[88,91],"tags":[],"class_list":["post-24793","post","type-post","status-publish","format-standard","has-post-thumbnail","hentry","category-kulup-tr","category-haberler-tr"],"acf":[],"_links":{"self":[{"href":"https:\/\/fcr1899.com\/tr\/wp-json\/wp\/v2\/posts\/24793","targetHints":{"allow":["GET"]}}],"collection":[{"href":"https:\/\/fcr1899.com\/tr\/wp-json\/wp\/v2\/posts"}],"about":[{"href":"https:\/\/fcr1899.com\/tr\/wp-json\/wp\/v2\/types\/post"}],"author":[{"embeddable":true,"href":"https:\/\/fcr1899.com\/tr\/wp-json\/wp\/v2\/users\/2"}],"replies":[{"embeddable":true,"href":"https:\/\/fcr1899.com\/tr\/wp-json\/wp\/v2\/comments?post=24793"}],"version-history":[{"count":1,"href":"https:\/\/fcr1899.com\/tr\/wp-json\/wp\/v2\/posts\/24793\/revisions"}],"predecessor-version":[{"id":24794,"href":"https:\/\/fcr1899.com\/tr\/wp-json\/wp\/v2\/posts\/24793\/revisions\/24794"}],"wp:featuredmedia":[{"embeddable":true,"href":"https:\/\/fcr1899.com\/tr\/wp-json\/wp\/v2\/media\/19737"}],"wp:attachment":[{"href":"https:\/\/fcr1899.com\/tr\/wp-json\/wp\/v2\/media?parent=24793"}],"wp:term":[{"taxonomy":"category","embeddable":true,"href":"https:\/\/fcr1899.com\/tr\/wp-json\/wp\/v2\/categories?post=24793"},{"taxonomy":"post_tag","embeddable":true,"href":"https:\/\/fcr1899.com\/tr\/wp-json\/wp\/v2\/tags?post=24793"}],"curies":[{"name":"wp","href":"https:\/\/api.w.org\/{rel}","templated":true}]}}