{"id":23335,"date":"2025-04-14T19:09:51","date_gmt":"2025-04-14T18:09:51","guid":{"rendered":"https:\/\/fcr1899.com\/?p=23335"},"modified":"2025-06-26T12:15:46","modified_gmt":"2025-06-26T11:15:46","slug":"kulubun-125-yili-13-dhden-n3e-fcr-tirmanisi","status":"publish","type":"post","link":"https:\/\/fcr1899.com\/tr\/kulubun-125-yili-13-dhden-n3e-fcr-tirmanisi\/","title":{"rendered":"Kul\u00fcb\u00fcn 125 y\u0131l\u0131 #13: DH&#8217;den N3&#8217;e FCR t\u0131rman\u0131\u015f\u0131"},"content":{"rendered":"<p>Division d&#8217;Honneur batakl\u0131\u011f\u0131nda ge\u00e7irilen d\u00f6rt uzun sezonun ard\u0131ndan FC Rouen N3&#8217;e y\u00fckseldi!<\/p>\n<p>Diables Rouges bir \u00f6nceki sezonu ola\u011fan\u00fcst\u00fc ge\u00e7irmesine ra\u011fmen bir kez daha DH liginde oynamaya mahkum edildi. Ancak Romain Djoubri&#8217;nin liderli\u011finde 2016-2017 sezonu bir d\u00f6n\u00fcm noktas\u0131 oldu. Amat\u00f6r liglerde yap\u0131lan reform ve yeni ke\u015ffedilen h\u0131rsla g\u00fc\u00e7lenen FCR, kararl\u0131l\u0131kla en \u00fcst lig i\u00e7in yar\u0131\u015fmaya ba\u015flad\u0131.<\/p>\n<p>Nisan ay\u0131 belirleyici bir ay oldu ve Rouen bir dizi iyi performans sergileyerek yeni reform sayesinde terfi ile e\u015fanlaml\u0131 olan \u00fc\u00e7\u00fcnc\u00fc s\u0131ray\u0131 yeniden elde etti. Sonuna kadar sa\u011flam durdular ve sondan bir \u00f6nceki g\u00fcn Romilly-Pont-Saint-Pierre deplasman\u0131nda Ulusal 3&#8217;teki yerlerini garantilediler. T\u00fcm kul\u00fcp i\u00e7in ne b\u00fcy\u00fck bir rahatlama!<\/p>\n<p>Oyuncular, y\u00f6neticiler ve sad\u0131k taraftarlar nihayet uzun zamand\u0131r beklenen bu terfiyi kutlayabilecek ve d\u00f6rt sezonluk arafa son verebilecekler.<\/p>\n<p>FC Rouen harika bir y\u0131l\u0131 geride b\u0131rak\u0131rken, tarihindeki onuncu Normandiya Kupas\u0131n\u0131 kazanarak son bir heyecan daha ya\u015fad\u0131. Unutulmayacak bir 2016-2017 sezonu!<\/p>\n","protected":false},"excerpt":{"rendered":"<p>Division d&#8217;Honneur batakl\u0131\u011f\u0131nda ge\u00e7irilen d\u00f6rt uzun sezonun ard\u0131ndan FC Rouen N3&#8217;e y\u00fckseldi! Diables Rouges bir \u00f6nceki sezonu ola\u011fan\u00fcst\u00fc ge\u00e7irmesine ra\u011fmen bir kez daha DH liginde oynamaya mahkum edildi. Ancak Romain Djoubri&#8217;nin liderli\u011finde 2016-2017 sezonu bir d\u00f6n\u00fcm noktas\u0131 oldu. Amat\u00f6r liglerde yap\u0131lan reform ve yeni ke\u015ffedilen h\u0131rsla g\u00fc\u00e7lenen FCR, kararl\u0131l\u0131kla en \u00fcst lig i\u00e7in yar\u0131\u015fmaya ba\u015flad\u0131. [&hellip;]<\/p>\n","protected":false},"author":2,"featured_media":19134,"comment_status":"open","ping_status":"open","sticky":false,"template":"","format":"standard","meta":{"_acf_changed":false,"footnotes":""},"categories":[88,91],"tags":[],"class_list":["post-23335","post","type-post","status-publish","format-standard","has-post-thumbnail","hentry","category-kulup-tr","category-haberler-tr"],"acf":[],"_links":{"self":[{"href":"https:\/\/fcr1899.com\/tr\/wp-json\/wp\/v2\/posts\/23335","targetHints":{"allow":["GET"]}}],"collection":[{"href":"https:\/\/fcr1899.com\/tr\/wp-json\/wp\/v2\/posts"}],"about":[{"href":"https:\/\/fcr1899.com\/tr\/wp-json\/wp\/v2\/types\/post"}],"author":[{"embeddable":true,"href":"https:\/\/fcr1899.com\/tr\/wp-json\/wp\/v2\/users\/2"}],"replies":[{"embeddable":true,"href":"https:\/\/fcr1899.com\/tr\/wp-json\/wp\/v2\/comments?post=23335"}],"version-history":[{"count":1,"href":"https:\/\/fcr1899.com\/tr\/wp-json\/wp\/v2\/posts\/23335\/revisions"}],"predecessor-version":[{"id":23336,"href":"https:\/\/fcr1899.com\/tr\/wp-json\/wp\/v2\/posts\/23335\/revisions\/23336"}],"wp:featuredmedia":[{"embeddable":true,"href":"https:\/\/fcr1899.com\/tr\/wp-json\/wp\/v2\/media\/19134"}],"wp:attachment":[{"href":"https:\/\/fcr1899.com\/tr\/wp-json\/wp\/v2\/media?parent=23335"}],"wp:term":[{"taxonomy":"category","embeddable":true,"href":"https:\/\/fcr1899.com\/tr\/wp-json\/wp\/v2\/categories?post=23335"},{"taxonomy":"post_tag","embeddable":true,"href":"https:\/\/fcr1899.com\/tr\/wp-json\/wp\/v2\/tags?post=23335"}],"curies":[{"name":"wp","href":"https:\/\/api.w.org\/{rel}","templated":true}]}}