{"id":23068,"date":"2025-04-09T19:15:46","date_gmt":"2025-04-09T18:15:46","guid":{"rendered":"https:\/\/fcr1899.com\/?p=23068"},"modified":"2025-06-11T15:34:14","modified_gmt":"2025-06-11T14:34:14","slug":"kulubun-125-yili-11-yuzuncu-yil-icin-yukselis","status":"publish","type":"post","link":"https:\/\/fcr1899.com\/tr\/kulubun-125-yili-11-yuzuncu-yil-icin-yukselis\/","title":{"rendered":"Kul\u00fcb\u00fcn 125. y\u0131l\u0131 #11: Y\u00fcz\u00fcnc\u00fc y\u0131l i\u00e7in y\u00fckseli\u015f"},"content":{"rendered":"<p>\u00dc\u00e7 y\u0131l i\u00e7inde ikinci kez iflas ba\u015fvurusunda bulunan Rouen, 1998-1999 sezonu i\u00e7in idari olarak CFA 2&#8217;ye d\u00fc\u015f\u00fcr\u00fcld\u00fc.<\/p>\n<p>Sezon ba\u015flang\u0131c\u0131 zorlu ge\u00e7ti, ancak Kas\u0131m ortas\u0131ndan itibaren tak\u0131m dokuz ma\u00e7 \u00fcst \u00fcste galip gelerek \u015fampiyonluk yar\u0131\u015f\u0131nda liderli\u011fe y\u00fckseldi.<\/p>\n<p>Bu ba\u015far\u0131 serisi, Fransa Kupas\u0131&#8217;nda kahramanca bir performansla e\u015flik etti. 3. turda yar\u0131\u015fmaya ba\u015flayan Rouen, s\u0131ras\u0131yla Caen (D2), Pacy-sur-Eure, Sarrebourg, Saint-Denis-Saint-Leu ve La Montagnarde&#8217;yi eleyerek 15 y\u0131l sonra ilk kez \u00e7eyrek finale y\u00fckseldi. Sedan (D2) kar\u015f\u0131s\u0131nda 2-0 yenilen Rouen, ba\u015f\u0131 dik bir \u015fekilde turnuvadan ayr\u0131ld\u0131.<\/p>\n<p>\u015eampiyonada Rouen, sezonu bir dizi galibiyetle tamamlad\u0131 ve 28. haftada Diochon&#8217;da Argentan&#8217;\u0131 2-0 yenerek CFA&#8217;ya y\u00fckseldi. B\u00f6ylece taraftarlar, kul\u00fcb\u00fcn y\u00fcz\u00fcnc\u00fc y\u0131l\u0131nda CFA&#8217;ya d\u00f6n\u00fc\u015f\u00fcn\u00fc kutlayabildi!<\/p>\n","protected":false},"excerpt":{"rendered":"<p>\u00dc\u00e7 y\u0131l i\u00e7inde ikinci kez iflas ba\u015fvurusunda bulunan Rouen, 1998-1999 sezonu i\u00e7in idari olarak CFA 2&#8217;ye d\u00fc\u015f\u00fcr\u00fcld\u00fc. Sezon ba\u015flang\u0131c\u0131 zorlu ge\u00e7ti, ancak Kas\u0131m ortas\u0131ndan itibaren tak\u0131m dokuz ma\u00e7 \u00fcst \u00fcste galip gelerek \u015fampiyonluk yar\u0131\u015f\u0131nda liderli\u011fe y\u00fckseldi. Bu ba\u015far\u0131 serisi, Fransa Kupas\u0131&#8217;nda kahramanca bir performansla e\u015flik etti. 3. turda yar\u0131\u015fmaya ba\u015flayan Rouen, s\u0131ras\u0131yla Caen (D2), Pacy-sur-Eure, [&hellip;]<\/p>\n","protected":false},"author":2,"featured_media":18472,"comment_status":"open","ping_status":"open","sticky":false,"template":"","format":"standard","meta":{"_acf_changed":false,"footnotes":""},"categories":[88,91],"tags":[],"class_list":["post-23068","post","type-post","status-publish","format-standard","has-post-thumbnail","hentry","category-kulup-tr","category-haberler-tr"],"acf":[],"_links":{"self":[{"href":"https:\/\/fcr1899.com\/tr\/wp-json\/wp\/v2\/posts\/23068","targetHints":{"allow":["GET"]}}],"collection":[{"href":"https:\/\/fcr1899.com\/tr\/wp-json\/wp\/v2\/posts"}],"about":[{"href":"https:\/\/fcr1899.com\/tr\/wp-json\/wp\/v2\/types\/post"}],"author":[{"embeddable":true,"href":"https:\/\/fcr1899.com\/tr\/wp-json\/wp\/v2\/users\/2"}],"replies":[{"embeddable":true,"href":"https:\/\/fcr1899.com\/tr\/wp-json\/wp\/v2\/comments?post=23068"}],"version-history":[{"count":1,"href":"https:\/\/fcr1899.com\/tr\/wp-json\/wp\/v2\/posts\/23068\/revisions"}],"predecessor-version":[{"id":23069,"href":"https:\/\/fcr1899.com\/tr\/wp-json\/wp\/v2\/posts\/23068\/revisions\/23069"}],"wp:featuredmedia":[{"embeddable":true,"href":"https:\/\/fcr1899.com\/tr\/wp-json\/wp\/v2\/media\/18472"}],"wp:attachment":[{"href":"https:\/\/fcr1899.com\/tr\/wp-json\/wp\/v2\/media?parent=23068"}],"wp:term":[{"taxonomy":"category","embeddable":true,"href":"https:\/\/fcr1899.com\/tr\/wp-json\/wp\/v2\/categories?post=23068"},{"taxonomy":"post_tag","embeddable":true,"href":"https:\/\/fcr1899.com\/tr\/wp-json\/wp\/v2\/tags?post=23068"}],"curies":[{"name":"wp","href":"https:\/\/api.w.org\/{rel}","templated":true}]}}