{"id":20852,"date":"2025-04-03T19:40:34","date_gmt":"2025-04-03T18:40:34","guid":{"rendered":"https:\/\/fcr1899.com\/?p=20852"},"modified":"2025-05-07T11:39:35","modified_gmt":"2025-05-07T10:39:35","slug":"kulubun-125-yildonumu-9-d1e-son-tirmanis","status":"publish","type":"post","link":"https:\/\/fcr1899.com\/tr\/kulubun-125-yildonumu-9-d1e-son-tirmanis\/","title":{"rendered":"Kul\u00fcb\u00fcn 125. y\u0131ld\u00f6n\u00fcm\u00fc #9: D1&#8217;e son t\u0131rman\u0131\u015f"},"content":{"rendered":"<p>K\u0131rm\u0131z\u0131 \u015eeytanlar 1981\/82 sezonunda, kul\u00fcp tarihindeki son y\u00fckseli\u015f olan Division 1&#8217;e ula\u015ft\u0131!<\/p>\n<p>Division 2&#8217;deki d\u00f6rd\u00fcnc\u00fc sezon do\u011fru sezon oldu\u011funu kan\u0131tlad\u0131. Bir sezondur tak\u0131m\u0131n ba\u015f\u0131nda olan Robert Vicot, Desbouillons, Malbeaux ve \u00f6zellikle de Vicot&#8217;nun PSG&#8217;de \u00e7al\u0131\u015ft\u0131\u011f\u0131 d\u00f6nemde tan\u0131\u015ft\u0131\u011f\u0131 Jean-Fran\u00e7ois Beltramini&#8217;nin geli\u015fiyle kadrosunu g\u00fc\u00e7lendirdi. Beltramini kul\u00fcb\u00fcn 1. Lig&#8217;e y\u00fckselmesinin mimarlar\u0131ndan biri olurken, Robert Vicot da FCR&#8217;yi 1. Lig&#8217;e ta\u015f\u0131yan son antren\u00f6r oldu.<\/p>\n<p>Diables Rouges sezon boyunca terfi i\u00e7in do\u011fru yolda ilerledi. Sezonun ilk yar\u0131s\u0131nda Reims ve Noeux-les-Mines ile kar\u015f\u0131 kar\u015f\u0131ya geldiler. Rouen 17. ma\u00e7 g\u00fcn\u00fcnde liderli\u011fi ele ge\u00e7irdi ve sezonun geri kalan\u0131nda (Mart ay\u0131ndaki bir ma\u00e7 g\u00fcn\u00fc hari\u00e7) bunu korudu.<\/p>\n<p>Son g\u00fcn Stade Fran\u00e7ais&#8217;e kar\u015f\u0131 oynanan belirleyici ma\u00e7 i\u00e7in 6,000 taraftar Diables Rouges&#8217;un \u015fampiyonlu\u011fu per\u00e7inlemesine yard\u0131mc\u0131 olmak i\u00e7in Saint-Ouen&#8217;e gitti. Bu final zaferiyle (2-0) Diables Rouges B Grubunu \u015fampiyon olarak bitirdi ve do\u011frudan 1. Lige y\u00fckseldi. Kul\u00fcp, Haziran 1985&#8217;te Rennes&#8217;e kar\u015f\u0131 oynanan trajik play-off ma\u00e7\u0131na kadar \u00fc\u00e7 sezon boyunca bu ligde kald\u0131.<\/p>\n","protected":false},"excerpt":{"rendered":"<p>K\u0131rm\u0131z\u0131 \u015eeytanlar 1981\/82 sezonunda, kul\u00fcp tarihindeki son y\u00fckseli\u015f olan Division 1&#8217;e ula\u015ft\u0131! Division 2&#8217;deki d\u00f6rd\u00fcnc\u00fc sezon do\u011fru sezon oldu\u011funu kan\u0131tlad\u0131. Bir sezondur tak\u0131m\u0131n ba\u015f\u0131nda olan Robert Vicot, Desbouillons, Malbeaux ve \u00f6zellikle de Vicot&#8217;nun PSG&#8217;de \u00e7al\u0131\u015ft\u0131\u011f\u0131 d\u00f6nemde tan\u0131\u015ft\u0131\u011f\u0131 Jean-Fran\u00e7ois Beltramini&#8217;nin geli\u015fiyle kadrosunu g\u00fc\u00e7lendirdi. Beltramini kul\u00fcb\u00fcn 1. Lig&#8217;e y\u00fckselmesinin mimarlar\u0131ndan biri olurken, Robert Vicot da FCR&#8217;yi 1. [&hellip;]<\/p>\n","protected":false},"author":2,"featured_media":17917,"comment_status":"open","ping_status":"open","sticky":false,"template":"","format":"standard","meta":{"_acf_changed":false,"footnotes":""},"categories":[88,91],"tags":[],"class_list":["post-20852","post","type-post","status-publish","format-standard","has-post-thumbnail","hentry","category-kulup-tr","category-haberler-tr"],"acf":[],"_links":{"self":[{"href":"https:\/\/fcr1899.com\/tr\/wp-json\/wp\/v2\/posts\/20852","targetHints":{"allow":["GET"]}}],"collection":[{"href":"https:\/\/fcr1899.com\/tr\/wp-json\/wp\/v2\/posts"}],"about":[{"href":"https:\/\/fcr1899.com\/tr\/wp-json\/wp\/v2\/types\/post"}],"author":[{"embeddable":true,"href":"https:\/\/fcr1899.com\/tr\/wp-json\/wp\/v2\/users\/2"}],"replies":[{"embeddable":true,"href":"https:\/\/fcr1899.com\/tr\/wp-json\/wp\/v2\/comments?post=20852"}],"version-history":[{"count":1,"href":"https:\/\/fcr1899.com\/tr\/wp-json\/wp\/v2\/posts\/20852\/revisions"}],"predecessor-version":[{"id":20853,"href":"https:\/\/fcr1899.com\/tr\/wp-json\/wp\/v2\/posts\/20852\/revisions\/20853"}],"wp:featuredmedia":[{"embeddable":true,"href":"https:\/\/fcr1899.com\/tr\/wp-json\/wp\/v2\/media\/17917"}],"wp:attachment":[{"href":"https:\/\/fcr1899.com\/tr\/wp-json\/wp\/v2\/media?parent=20852"}],"wp:term":[{"taxonomy":"category","embeddable":true,"href":"https:\/\/fcr1899.com\/tr\/wp-json\/wp\/v2\/categories?post=20852"},{"taxonomy":"post_tag","embeddable":true,"href":"https:\/\/fcr1899.com\/tr\/wp-json\/wp\/v2\/tags?post=20852"}],"curies":[{"name":"wp","href":"https:\/\/api.w.org\/{rel}","templated":true}]}}