{"id":17605,"date":"2025-03-13T15:40:43","date_gmt":"2025-03-13T14:40:43","guid":{"rendered":"https:\/\/fcr1899.com\/?p=17605"},"modified":"2025-04-02T09:22:52","modified_gmt":"2025-04-02T08:22:52","slug":"fc-rouenin-maskotu-diochona-geldi","status":"publish","type":"post","link":"https:\/\/fcr1899.com\/tr\/fc-rouenin-maskotu-diochona-geldi\/","title":{"rendered":"FC Rouen&#8217;in maskotu Diochon&#8217;a geldi"},"content":{"rendered":"<p>FC Rouen&#8217;in maskotu bu Cuma Villefranche&#8217;a kar\u015f\u0131 Diochon&#8217;a geliyor!<\/p>\n<p>Geli\u015fimimizin bir par\u00e7as\u0131 olarak, taraftarlar\u0131m\u0131za, \u00f6zellikle de gen\u00e7lere ve ailelere benzersiz bir deneyim sunmak istiyoruz. Maskotumuz, kap\u0131lar a\u00e7\u0131ld\u0131\u011f\u0131 andan itibaren ilk taraftarlar\u0131yla tan\u0131\u015fmak \u00fczere her i\u00e7 saha ma\u00e7\u0131nda haz\u0131r bulunacak. \u0130ster gen\u00e7 ister ya\u015fl\u0131 olun, foto\u011fraf \u00e7ektirmek ve unutulmaz anlar payla\u015fmak i\u00e7in gelip onunla tan\u0131\u015f\u0131n!<\/p>\n<p>Bizi izlemeye devam edin: yak\u0131nda sembolizm ve tarihimizi birle\u015ftiren isminin olu\u015fturulmas\u0131nda yer alabileceksiniz.<\/p>\n<p>Birlikte b\u00fcy\u00fcl\u00fc anlar ya\u015famak ve tak\u0131m ruhumuzu g\u00fc\u00e7lendirmek i\u00e7in bir\u00e7o\u011funuzu stadyumda g\u00f6rmeyi d\u00f6rt g\u00f6zle bekliyoruz.<\/p>\n","protected":false},"excerpt":{"rendered":"<p>FC Rouen&#8217;in maskotu bu Cuma Villefranche&#8217;a kar\u015f\u0131 Diochon&#8217;a geliyor! Geli\u015fimimizin bir par\u00e7as\u0131 olarak, taraftarlar\u0131m\u0131za, \u00f6zellikle de gen\u00e7lere ve ailelere benzersiz bir deneyim sunmak istiyoruz. Maskotumuz, kap\u0131lar a\u00e7\u0131ld\u0131\u011f\u0131 andan itibaren ilk taraftarlar\u0131yla tan\u0131\u015fmak \u00fczere her i\u00e7 saha ma\u00e7\u0131nda haz\u0131r bulunacak. \u0130ster gen\u00e7 ister ya\u015fl\u0131 olun, foto\u011fraf \u00e7ektirmek ve unutulmaz anlar payla\u015fmak i\u00e7in gelip onunla tan\u0131\u015f\u0131n! Bizi [&hellip;]<\/p>\n","protected":false},"author":2,"featured_media":16033,"comment_status":"open","ping_status":"open","sticky":false,"template":"","format":"standard","meta":{"_acf_changed":false,"footnotes":""},"categories":[88,91],"tags":[],"class_list":["post-17605","post","type-post","status-publish","format-standard","has-post-thumbnail","hentry","category-kulup-tr","category-haberler-tr"],"acf":[],"_links":{"self":[{"href":"https:\/\/fcr1899.com\/tr\/wp-json\/wp\/v2\/posts\/17605","targetHints":{"allow":["GET"]}}],"collection":[{"href":"https:\/\/fcr1899.com\/tr\/wp-json\/wp\/v2\/posts"}],"about":[{"href":"https:\/\/fcr1899.com\/tr\/wp-json\/wp\/v2\/types\/post"}],"author":[{"embeddable":true,"href":"https:\/\/fcr1899.com\/tr\/wp-json\/wp\/v2\/users\/2"}],"replies":[{"embeddable":true,"href":"https:\/\/fcr1899.com\/tr\/wp-json\/wp\/v2\/comments?post=17605"}],"version-history":[{"count":1,"href":"https:\/\/fcr1899.com\/tr\/wp-json\/wp\/v2\/posts\/17605\/revisions"}],"predecessor-version":[{"id":17606,"href":"https:\/\/fcr1899.com\/tr\/wp-json\/wp\/v2\/posts\/17605\/revisions\/17606"}],"wp:featuredmedia":[{"embeddable":true,"href":"https:\/\/fcr1899.com\/tr\/wp-json\/wp\/v2\/media\/16033"}],"wp:attachment":[{"href":"https:\/\/fcr1899.com\/tr\/wp-json\/wp\/v2\/media?parent=17605"}],"wp:term":[{"taxonomy":"category","embeddable":true,"href":"https:\/\/fcr1899.com\/tr\/wp-json\/wp\/v2\/categories?post=17605"},{"taxonomy":"post_tag","embeddable":true,"href":"https:\/\/fcr1899.com\/tr\/wp-json\/wp\/v2\/tags?post=17605"}],"curies":[{"name":"wp","href":"https:\/\/api.w.org\/{rel}","templated":true}]}}