{"id":17561,"date":"2025-03-29T19:08:17","date_gmt":"2025-03-29T18:08:17","guid":{"rendered":"https:\/\/fcr1899.com\/?p=17561"},"modified":"2025-04-02T08:24:34","modified_gmt":"2025-04-02T07:24:34","slug":"kulubun-125-yili-7-roger-rio","status":"publish","type":"post","link":"https:\/\/fcr1899.com\/tr\/kulubun-125-yili-7-roger-rio\/","title":{"rendered":"Kul\u00fcb\u00fcn 125 y\u0131l\u0131 #7: Roger Rio"},"content":{"rendered":"<p>Roger Rio, tarihin en \u00e7ok ma\u00e7a \u00e7\u0131kan oyuncusu<\/p>\n<p>19 Ekim 1930&#8217;da Roger Rio A tak\u0131m i\u00e7in ilk ma\u00e7\u0131n\u0131 US Quevilly&#8217;ye kar\u015f\u0131 oynad\u0131. \u0130lk iki gol\u00fcn\u00fc atarak kendini g\u00f6sterdi. Hen\u00fcz 17 ya\u015f\u0131ndayken ve altyap\u0131da sadece iki ay ge\u00e7irdikten sonra, tak\u0131m\u0131n kilit bir \u00fcyesi olarak kendini kan\u0131tlamaya ba\u015flam\u0131\u015ft\u0131.<\/p>\n<p>Roger Rio 1930&#8217;larda do\u011fal olarak FCR&#8217;nin \u00fcnl\u00fc \u201cmakineli t\u00fcfek hatt\u0131n\u0131n\u201d bir par\u00e7as\u0131 oldu. Nitelikleri g\u00f6zden ka\u00e7mad\u0131 ve k\u0131sa s\u00fcrede Frans\u0131z milli tak\u0131m\u0131n\u0131n kap\u0131lar\u0131n\u0131 a\u00e7t\u0131. 12 Aral\u0131k 1933&#8217;te Avusturya&#8217;ya kar\u015f\u0131 ilk kapa\u011f\u0131n\u0131 kazand\u0131. 1937 y\u0131l\u0131na kadar on sekiz kez Les Bleus formas\u0131n\u0131 giydi.<\/p>\n<p>Futbola ba\u015flad\u0131\u011f\u0131 kul\u00fcbe sad\u0131k kalarak, FCR&#8217;nin 1945&#8217;te Lyon&#8217;a kar\u015f\u0131 kazand\u0131\u011f\u0131 Fransa \u015fampiyonlu\u011funda aktif rol oynad\u0131. Daha sonra profesyonel kariyerine 1951 y\u0131l\u0131na kadar Rouen&#8217;de devam etti. Halen 437 kez ilk on birde forma giyerek kul\u00fcp tarihinin en \u00e7ok forma giyen oyuncusu konumundad\u0131r.<\/p>\n","protected":false},"excerpt":{"rendered":"<p>Roger Rio, tarihin en \u00e7ok ma\u00e7a \u00e7\u0131kan oyuncusu 19 Ekim 1930&#8217;da Roger Rio A tak\u0131m i\u00e7in ilk ma\u00e7\u0131n\u0131 US Quevilly&#8217;ye kar\u015f\u0131 oynad\u0131. \u0130lk iki gol\u00fcn\u00fc atarak kendini g\u00f6sterdi. Hen\u00fcz 17 ya\u015f\u0131ndayken ve altyap\u0131da sadece iki ay ge\u00e7irdikten sonra, tak\u0131m\u0131n kilit bir \u00fcyesi olarak kendini kan\u0131tlamaya ba\u015flam\u0131\u015ft\u0131. Roger Rio 1930&#8217;larda do\u011fal olarak FCR&#8217;nin \u00fcnl\u00fc \u201cmakineli t\u00fcfek [&hellip;]<\/p>\n","protected":false},"author":2,"featured_media":16634,"comment_status":"open","ping_status":"open","sticky":false,"template":"","format":"standard","meta":{"_acf_changed":false,"footnotes":""},"categories":[88,91],"tags":[],"class_list":["post-17561","post","type-post","status-publish","format-standard","has-post-thumbnail","hentry","category-kulup-tr","category-haberler-tr"],"acf":[],"_links":{"self":[{"href":"https:\/\/fcr1899.com\/tr\/wp-json\/wp\/v2\/posts\/17561","targetHints":{"allow":["GET"]}}],"collection":[{"href":"https:\/\/fcr1899.com\/tr\/wp-json\/wp\/v2\/posts"}],"about":[{"href":"https:\/\/fcr1899.com\/tr\/wp-json\/wp\/v2\/types\/post"}],"author":[{"embeddable":true,"href":"https:\/\/fcr1899.com\/tr\/wp-json\/wp\/v2\/users\/2"}],"replies":[{"embeddable":true,"href":"https:\/\/fcr1899.com\/tr\/wp-json\/wp\/v2\/comments?post=17561"}],"version-history":[{"count":1,"href":"https:\/\/fcr1899.com\/tr\/wp-json\/wp\/v2\/posts\/17561\/revisions"}],"predecessor-version":[{"id":17562,"href":"https:\/\/fcr1899.com\/tr\/wp-json\/wp\/v2\/posts\/17561\/revisions\/17562"}],"wp:featuredmedia":[{"embeddable":true,"href":"https:\/\/fcr1899.com\/tr\/wp-json\/wp\/v2\/media\/16634"}],"wp:attachment":[{"href":"https:\/\/fcr1899.com\/tr\/wp-json\/wp\/v2\/media?parent=17561"}],"wp:term":[{"taxonomy":"category","embeddable":true,"href":"https:\/\/fcr1899.com\/tr\/wp-json\/wp\/v2\/categories?post=17561"},{"taxonomy":"post_tag","embeddable":true,"href":"https:\/\/fcr1899.com\/tr\/wp-json\/wp\/v2\/tags?post=17561"}],"curies":[{"name":"wp","href":"https:\/\/api.w.org\/{rel}","templated":true}]}}