{"id":15620,"date":"2025-03-18T15:25:10","date_gmt":"2025-03-18T14:25:10","guid":{"rendered":"https:\/\/fcr1899.com\/?p=15620"},"modified":"2025-03-24T20:03:05","modified_gmt":"2025-03-24T19:03:05","slug":"resmi-aciklama-fc-rouen-1899","status":"publish","type":"post","link":"https:\/\/fcr1899.com\/tr\/resmi-aciklama-fc-rouen-1899\/","title":{"rendered":"RESMI\u0307 A\u00c7IKLAMA &#8211; FC ROUEN 1899"},"content":{"rendered":"<p>Football Club de Rouen 1899, Tarkan Ser&#8217;in yak\u0131nda Ba\u015fkanl\u0131k g\u00f6revini \u00fcstlenece\u011fini duyurmaktan memnuniyet duyar.<\/p>\n<p>Tarkan Ser, FCR&#8217;nin geli\u015fimini s\u00fcrd\u00fcrmek ve K\u0131rm\u0131z\u0131 \u015eeytanlar\u0131n renklerini dalgaland\u0131rmak amac\u0131yla kul\u00fcb\u00fcn ba\u015f\u0131na ge\u00e7ecektir. Onun geli\u015fi, kul\u00fcb\u00fcn sportif dinami\u011fini g\u00fc\u00e7lendirmek amac\u0131yla yap\u0131lanmam\u0131zda yeni bir a\u015famaya i\u015faret ediyor.<\/p>\n<p>FCR&#8217;nin Haziran 2024&#8217;te devral\u0131nmas\u0131ndan bu yana \u00e7o\u011funluk hissedar\u0131 olarak kul\u00fcb\u00fcn karar alma s\u00fcrecine zaten dahil olan T\u00fcrk i\u015fadam\u0131, \u015fimdi ek bir rol \u00fcstlenecek.<\/p>\n<p>FC Rouen 1899, Iwan Postel&#8217;e ba\u011fl\u0131l\u0131\u011f\u0131 ve son birka\u00e7 ayda ger\u00e7ekle\u015ftirdi\u011fi \u00e7al\u0131\u015fmalar i\u00e7in i\u00e7tenlikle te\u015fekk\u00fcr eder.<\/p>\n","protected":false},"excerpt":{"rendered":"<p>Football Club de Rouen 1899, Tarkan Ser&#8217;in yak\u0131nda Ba\u015fkanl\u0131k g\u00f6revini \u00fcstlenece\u011fini duyurmaktan memnuniyet duyar. Tarkan Ser, FCR&#8217;nin geli\u015fimini s\u00fcrd\u00fcrmek ve K\u0131rm\u0131z\u0131 \u015eeytanlar\u0131n renklerini dalgaland\u0131rmak amac\u0131yla kul\u00fcb\u00fcn ba\u015f\u0131na ge\u00e7ecektir. Onun geli\u015fi, kul\u00fcb\u00fcn sportif dinami\u011fini g\u00fc\u00e7lendirmek amac\u0131yla yap\u0131lanmam\u0131zda yeni bir a\u015famaya i\u015faret ediyor. FCR&#8217;nin Haziran 2024&#8217;te devral\u0131nmas\u0131ndan bu yana \u00e7o\u011funluk hissedar\u0131 olarak kul\u00fcb\u00fcn karar alma s\u00fcrecine zaten [&hellip;]<\/p>\n","protected":false},"author":2,"featured_media":7973,"comment_status":"open","ping_status":"open","sticky":false,"template":"","format":"standard","meta":{"_acf_changed":false,"footnotes":""},"categories":[88,91],"tags":[],"class_list":["post-15620","post","type-post","status-publish","format-standard","has-post-thumbnail","hentry","category-kulup-tr","category-haberler-tr"],"acf":[],"_links":{"self":[{"href":"https:\/\/fcr1899.com\/tr\/wp-json\/wp\/v2\/posts\/15620","targetHints":{"allow":["GET"]}}],"collection":[{"href":"https:\/\/fcr1899.com\/tr\/wp-json\/wp\/v2\/posts"}],"about":[{"href":"https:\/\/fcr1899.com\/tr\/wp-json\/wp\/v2\/types\/post"}],"author":[{"embeddable":true,"href":"https:\/\/fcr1899.com\/tr\/wp-json\/wp\/v2\/users\/2"}],"replies":[{"embeddable":true,"href":"https:\/\/fcr1899.com\/tr\/wp-json\/wp\/v2\/comments?post=15620"}],"version-history":[{"count":1,"href":"https:\/\/fcr1899.com\/tr\/wp-json\/wp\/v2\/posts\/15620\/revisions"}],"predecessor-version":[{"id":15621,"href":"https:\/\/fcr1899.com\/tr\/wp-json\/wp\/v2\/posts\/15620\/revisions\/15621"}],"wp:featuredmedia":[{"embeddable":true,"href":"https:\/\/fcr1899.com\/tr\/wp-json\/wp\/v2\/media\/7973"}],"wp:attachment":[{"href":"https:\/\/fcr1899.com\/tr\/wp-json\/wp\/v2\/media?parent=15620"}],"wp:term":[{"taxonomy":"category","embeddable":true,"href":"https:\/\/fcr1899.com\/tr\/wp-json\/wp\/v2\/categories?post=15620"},{"taxonomy":"post_tag","embeddable":true,"href":"https:\/\/fcr1899.com\/tr\/wp-json\/wp\/v2\/tags?post=15620"}],"curies":[{"name":"wp","href":"https:\/\/api.w.org\/{rel}","templated":true}]}}