{"id":15606,"date":"2025-03-17T13:39:08","date_gmt":"2025-03-17T12:39:08","guid":{"rendered":"https:\/\/fcr1899.com\/?p=15606"},"modified":"2025-03-24T19:49:53","modified_gmt":"2025-03-24T18:49:53","slug":"resmi-basin-aciklamasi-fc-rouen-1899-baskanligina-gecis","status":"publish","type":"post","link":"https:\/\/fcr1899.com\/tr\/resmi-basin-aciklamasi-fc-rouen-1899-baskanligina-gecis\/","title":{"rendered":"Resmi bas\u0131n a\u00e7\u0131klamas\u0131 &#8211; FC Rouen 1899 ba\u015fkanl\u0131\u011f\u0131na ge\u00e7i\u015f"},"content":{"rendered":"<p>De\u011ferli taraftarlar\u0131m\u0131z, ortaklar\u0131m\u0131z, oyuncular\u0131m\u0131z ve FC Rouen ailesinin \u00fcyeleri,<\/p>\n<p>Dikkatlice d\u00fc\u015f\u00fcnd\u00fckten ve ailemle isti\u015fare ettikten sonra, ay sonunda k\u0131rm\u0131z\u0131 ceketimi bir kenara b\u0131rakmaya ve umar\u0131m FC Rouen 1899&#8217;un Ba\u015fkanl\u0131k g\u00f6revini patrona devretmeye karar verdim.<\/p>\n<p>Bu macera tutku, m\u00fccadele, yenilik\u00e7ilik ve bitmek t\u00fckenmek bilmeyen bir h\u0131rs\u0131n damgas\u0131n\u0131 vurdu\u011fu ola\u011fan\u00fcst\u00fc bir deneyim oldu. Karma\u015f\u0131k duygulara ra\u011fmen, ba\u015far\u0131lan i\u015flerden ve geride b\u0131rak\u0131lan mirastan gurur duymaya devam ediyorum.<\/p>\n<p>Kul\u00fcb\u00fcn kurtar\u0131lmas\u0131na ve ya\u015fat\u0131lmas\u0131na, hareket kabiliyeti k\u0131s\u0131tl\u0131 ki\u015filer (PRM) i\u00e7in eri\u015filebilirli\u011finin art\u0131r\u0131lmas\u0131na, FCR&#8217;nin an\u0131s\u0131n\u0131 somutla\u015ft\u0131ran duayenlerin ve duayenlerin \u00f6ne \u00e7\u0131kar\u0131lmas\u0131na ve futbolun gelece\u011fini temsil eden kad\u0131n ve \u00e7ocuklar\u0131n desteklenmesine yard\u0131mc\u0131 oldu\u011fum i\u00e7in \u00f6zellikle gurur duyuyorum. X-Kript sayesinde taraftarlar yak\u0131nda FCR&#8217;nin 125 ola\u011fan\u00fcst\u00fc y\u0131l\u0131n\u0131n an\u0131s\u0131na bir seri ve \u00e7ok s\u0131n\u0131rl\u0131 bir \u00fcr\u00fcn yelpazesinin yan\u0131 s\u0131ra kul\u00fcb\u00fcn gelecekteki oyuncular\u0131n\u0131n formalar\u0131n\u0131 da 50 Avro&#8217;nun alt\u0131nda makul bir fiyata sat\u0131n alabilecekler.<\/p>\n<p>Ancak yenilikler bununla s\u0131n\u0131rl\u0131 kalmad\u0131. G\u00f6rev s\u00fcrem boyunca FCR, herkes i\u00e7in ak\u0131c\u0131 ve eri\u015filebilir bir deneyim sunmak \u00fczere tasarlanm\u0131\u015f yepyeni, modern bir web sitesinin lansman\u0131 ile teknolojik ve dijital alanlarda b\u00fcy\u00fck bir ad\u0131m att\u0131. Ayr\u0131ca her taraftar\u0131n kul\u00fcple ilgili haberleri takip edebilmesi, tek bir tu\u015fa basarak bilet sat\u0131n alabilmesi ve nerede olursa olsun tutkusunu her g\u00fcn ya\u015fayabilmesi i\u00e7in mobil uygulamalar geli\u015ftirdik. Yak\u0131nda, \u00f6zel avantajlar ve kul\u00fcb\u00fc aktif olarak desteklemenin yeni bir yolunu sunan kademeli bir FCR 1899 taraftar kul\u00fcb\u00fc arac\u0131l\u0131\u011f\u0131yla abonelik se\u00e7enekleri sunulacak. Bu dijital de\u011fi\u015fim, FCR&#8217;nin imaj\u0131n\u0131 modernize etmek ve en iyilerle rekabet edebilmesini sa\u011flamak i\u00e7in gerekliydi.<\/p>\n<p>Cesurca g\u00f6r\u00fcnse de, son zamanlarda s\u0131k s\u0131k s\u00f6yledi\u011fim gibi: Futbola ihtiyac\u0131m yoktu, futbola ihtiyac\u0131m vard\u0131. Daha da ileri gidebilmeyi ve bu kul\u00fcple ilgili t\u00fcm hedeflerimi ger\u00e7ekle\u015ftirebilmeyi isterdim ancak kontrol\u00fcm d\u0131\u015f\u0131ndaki baz\u0131 engeller bu g\u00f6revi olmas\u0131 gerekenden \u00e7ok daha karma\u015f\u0131k hale getirdi. \u00d6n\u00fcm\u00fczde hala pek \u00e7ok zorluk var ve umar\u0131m FCR&#8217;nin gelece\u011finden sorumlu olacak ki\u015filer bu kul\u00fcb\u00fc korumak ve b\u00fcy\u00fctmek i\u00e7in gerekli kararlar\u0131 al\u0131rlar. Genel olarak futbol i\u00e7in yakla\u015fmakta olan felaketten ka\u00e7\u0131nmak da ayn\u0131 derecede kolay olurdu, ancak g\u00f6r\u00fcnen o ki baz\u0131 seviyelerde, \u00f6zellikle de federasyonda ger\u00e7ek irade eksik&#8230;<\/p>\n<p>FCR&#8217;nin d\u00fcmenindeki g\u00f6revim sona eriyor olsa da, bu kul\u00fcb\u00fcn kullanabilece\u011fi muazzam bir potansiyele sahip oldu\u011funa ve benim de \u00fcstlenmem gereken ba\u015fka g\u00f6revler oldu\u011funa inan\u0131yorum.<\/p>\n<p>Bu nedenle 28 Mart&#8217;ta Dijon&#8217;a kar\u015f\u0131 oynayaca\u011f\u0131m\u0131z bir sonraki i\u00e7 saha ma\u00e7\u0131 benim ba\u015fkan olarak son ma\u00e7\u0131m olacak. FCR&#8217;yi bu kadar b\u00fcy\u00fck yapan e\u015fsiz co\u015fkuyu tam anlam\u0131yla ya\u015famak i\u00e7in son \u015fans\u0131m olacak.<\/p>\n<p>Tarkan&#8217;a beni anlay\u0131\u015fla kar\u015f\u0131lad\u0131\u011f\u0131 ve Ba\u015fkanl\u0131k g\u00f6revinden istifam\u0131 kabul etti\u011fi i\u00e7in te\u015fekk\u00fcr ediyorum ve dizginleri kendisinin devralmas\u0131n\u0131 i\u00e7tenlikle umuyorum. Kendisi her zaman bu projenin temel dire\u011fi olmu\u015ftur ve bu projeyi h\u0131rsla ileriye ta\u015f\u0131maya devam etmek i\u00e7in ondan daha iyisi yoktur.<\/p>\n<p>Ayr\u0131ca, bu kul\u00fcb\u00fc desteklemekten asla vazge\u00e7meyen taraftarlara, bu kurumu ayakta tutmak i\u00e7in perde arkas\u0131nda \u00e7al\u0131\u015fan idari personele ve onlar olmadan hi\u00e7bir \u015feyin m\u00fcmk\u00fcn olamayaca\u011f\u0131 g\u00f6n\u00fcll\u00fclere de \u00f6zel olarak te\u015fekk\u00fcr etmek istiyorum. Bunlar\u0131n aras\u0131nda, FCR&#8217;de ge\u00e7irdi\u011fim s\u00fcre boyunca bana birbiri ard\u0131na insanl\u0131k dersleri veren Pierre Bottais de var.<\/p>\n<p>Tarih, bu kul\u00fcb\u00fc kurtarmak i\u00e7in kimin sava\u015ft\u0131\u011f\u0131n\u0131 ve yok etmek i\u00e7in kimin sava\u015ft\u0131\u011f\u0131n\u0131 hat\u0131rlayacakt\u0131r. Herkes kendi se\u00e7imlerinin izlerini ta\u015f\u0131yacak ve zaman i\u015fini yapacak.<\/p>\n<p>FC Rouen 1899 yoluna devam edecek ve ben ona her \u015feyin en iyisini diliyorum. Sporda yenili\u011fe ve iddial\u0131 projelere olan ba\u011fl\u0131l\u0131\u011f\u0131m burada sona ermiyor.<br \/>\nRouen bir veda de\u011fil, farkl\u0131 bir bi\u00e7imde devaml\u0131l\u0131kt\u0131r.<\/p>\n<p>K\u0131rm\u0131z\u0131 Beyaz ve gururlu, her zaman.<\/p>\n<p>Iwan Postel<\/p>\n","protected":false},"excerpt":{"rendered":"<p>De\u011ferli taraftarlar\u0131m\u0131z, ortaklar\u0131m\u0131z, oyuncular\u0131m\u0131z ve FC Rouen ailesinin \u00fcyeleri, Dikkatlice d\u00fc\u015f\u00fcnd\u00fckten ve ailemle isti\u015fare ettikten sonra, ay sonunda k\u0131rm\u0131z\u0131 ceketimi bir kenara b\u0131rakmaya ve umar\u0131m FC Rouen 1899&#8217;un Ba\u015fkanl\u0131k g\u00f6revini patrona devretmeye karar verdim. Bu macera tutku, m\u00fccadele, yenilik\u00e7ilik ve bitmek t\u00fckenmek bilmeyen bir h\u0131rs\u0131n damgas\u0131n\u0131 vurdu\u011fu ola\u011fan\u00fcst\u00fc bir deneyim oldu. Karma\u015f\u0131k duygulara ra\u011fmen, ba\u015far\u0131lan [&hellip;]<\/p>\n","protected":false},"author":2,"featured_media":7973,"comment_status":"open","ping_status":"open","sticky":false,"template":"","format":"standard","meta":{"_acf_changed":false,"footnotes":""},"categories":[88,91],"tags":[],"class_list":["post-15606","post","type-post","status-publish","format-standard","has-post-thumbnail","hentry","category-kulup-tr","category-haberler-tr"],"acf":[],"_links":{"self":[{"href":"https:\/\/fcr1899.com\/tr\/wp-json\/wp\/v2\/posts\/15606","targetHints":{"allow":["GET"]}}],"collection":[{"href":"https:\/\/fcr1899.com\/tr\/wp-json\/wp\/v2\/posts"}],"about":[{"href":"https:\/\/fcr1899.com\/tr\/wp-json\/wp\/v2\/types\/post"}],"author":[{"embeddable":true,"href":"https:\/\/fcr1899.com\/tr\/wp-json\/wp\/v2\/users\/2"}],"replies":[{"embeddable":true,"href":"https:\/\/fcr1899.com\/tr\/wp-json\/wp\/v2\/comments?post=15606"}],"version-history":[{"count":1,"href":"https:\/\/fcr1899.com\/tr\/wp-json\/wp\/v2\/posts\/15606\/revisions"}],"predecessor-version":[{"id":15607,"href":"https:\/\/fcr1899.com\/tr\/wp-json\/wp\/v2\/posts\/15606\/revisions\/15607"}],"wp:featuredmedia":[{"embeddable":true,"href":"https:\/\/fcr1899.com\/tr\/wp-json\/wp\/v2\/media\/7973"}],"wp:attachment":[{"href":"https:\/\/fcr1899.com\/tr\/wp-json\/wp\/v2\/media?parent=15606"}],"wp:term":[{"taxonomy":"category","embeddable":true,"href":"https:\/\/fcr1899.com\/tr\/wp-json\/wp\/v2\/categories?post=15606"},{"taxonomy":"post_tag","embeddable":true,"href":"https:\/\/fcr1899.com\/tr\/wp-json\/wp\/v2\/tags?post=15606"}],"curies":[{"name":"wp","href":"https:\/\/api.w.org\/{rel}","templated":true}]}}