{"id":15596,"date":"2025-03-16T18:00:29","date_gmt":"2025-03-16T17:00:29","guid":{"rendered":"https:\/\/fcr1899.com\/?p=15596"},"modified":"2025-03-24T19:29:23","modified_gmt":"2025-03-24T18:29:23","slug":"axel-maraval-fc-rouen-ile-sozlesmesini-uzatti","status":"publish","type":"post","link":"https:\/\/fcr1899.com\/tr\/axel-maraval-fc-rouen-ile-sozlesmesini-uzatti\/","title":{"rendered":"Axel Maraval FC Rouen ile s\u00f6zle\u015fmesini uzatt\u0131"},"content":{"rendered":"<p>K\u0131rm\u0131z\u0131 \u015eeytanlar. Bu yaz s\u00f6zle\u015fmesi sona erecek olan kalecimiz, opsiyonlu bir sezonla birlikte iki y\u0131ll\u0131k bir uzatma imzalad\u0131.<\/p>\n<p>FC Rouen 1899, tart\u0131\u015fmas\u0131z bir lider ve \u00f6rnek bir ruha sahip bir oyuncuya g\u00fcvenebilmekten mutluluk duymaktad\u0131r. Kul\u00fcp, ge\u00e7irdi\u011fi ciddi sakatl\u0131\u011f\u0131n ard\u0131ndan Mara&#8217;ya deste\u011fini g\u00f6stermekte olup, sahalara daha da g\u00fc\u00e7l\u00fc bir \u015fekilde d\u00f6nmesi i\u00e7in \u00f6n\u00fcm\u00fczdeki haftalarda da onu destekleyecektir.<\/p>\n<p>&nbsp;<\/p>\n","protected":false},"excerpt":{"rendered":"<p>K\u0131rm\u0131z\u0131 \u015eeytanlar. Bu yaz s\u00f6zle\u015fmesi sona erecek olan kalecimiz, opsiyonlu bir sezonla birlikte iki y\u0131ll\u0131k bir uzatma imzalad\u0131. FC Rouen 1899, tart\u0131\u015fmas\u0131z bir lider ve \u00f6rnek bir ruha sahip bir oyuncuya g\u00fcvenebilmekten mutluluk duymaktad\u0131r. Kul\u00fcp, ge\u00e7irdi\u011fi ciddi sakatl\u0131\u011f\u0131n ard\u0131ndan Mara&#8217;ya deste\u011fini g\u00f6stermekte olup, sahalara daha da g\u00fc\u00e7l\u00fc bir \u015fekilde d\u00f6nmesi i\u00e7in \u00f6n\u00fcm\u00fczdeki haftalarda da onu [&hellip;]<\/p>\n","protected":false},"author":2,"featured_media":15063,"comment_status":"open","ping_status":"open","sticky":false,"template":"template\/gallery-post.php","format":"standard","meta":{"_acf_changed":false,"footnotes":""},"categories":[90,91],"tags":[],"class_list":["post-15596","post","type-post","status-publish","format-standard","has-post-thumbnail","hentry","category-ulusal-tr","category-haberler-tr"],"acf":[],"_links":{"self":[{"href":"https:\/\/fcr1899.com\/tr\/wp-json\/wp\/v2\/posts\/15596","targetHints":{"allow":["GET"]}}],"collection":[{"href":"https:\/\/fcr1899.com\/tr\/wp-json\/wp\/v2\/posts"}],"about":[{"href":"https:\/\/fcr1899.com\/tr\/wp-json\/wp\/v2\/types\/post"}],"author":[{"embeddable":true,"href":"https:\/\/fcr1899.com\/tr\/wp-json\/wp\/v2\/users\/2"}],"replies":[{"embeddable":true,"href":"https:\/\/fcr1899.com\/tr\/wp-json\/wp\/v2\/comments?post=15596"}],"version-history":[{"count":1,"href":"https:\/\/fcr1899.com\/tr\/wp-json\/wp\/v2\/posts\/15596\/revisions"}],"predecessor-version":[{"id":15597,"href":"https:\/\/fcr1899.com\/tr\/wp-json\/wp\/v2\/posts\/15596\/revisions\/15597"}],"wp:featuredmedia":[{"embeddable":true,"href":"https:\/\/fcr1899.com\/tr\/wp-json\/wp\/v2\/media\/15063"}],"wp:attachment":[{"href":"https:\/\/fcr1899.com\/tr\/wp-json\/wp\/v2\/media?parent=15596"}],"wp:term":[{"taxonomy":"category","embeddable":true,"href":"https:\/\/fcr1899.com\/tr\/wp-json\/wp\/v2\/categories?post=15596"},{"taxonomy":"post_tag","embeddable":true,"href":"https:\/\/fcr1899.com\/tr\/wp-json\/wp\/v2\/tags?post=15596"}],"curies":[{"name":"wp","href":"https:\/\/api.w.org\/{rel}","templated":true}]}}