{"id":15117,"date":"2025-03-13T11:04:20","date_gmt":"2025-03-13T10:04:20","guid":{"rendered":"https:\/\/fcr1899.com\/?p=15117"},"modified":"2025-03-17T12:51:51","modified_gmt":"2025-03-17T11:51:51","slug":"basin-toplantisi-axel-temperton","status":"publish","type":"post","link":"https:\/\/fcr1899.com\/tr\/basin-toplantisi-axel-temperton\/","title":{"rendered":"Bas\u0131n toplant\u0131s\u0131: Axel Temperton"},"content":{"rendered":"<p><em>Axel Temperton Villefranche ma\u00e7\u0131ndan \u00f6nce bas\u0131n toplant\u0131s\u0131nda konu\u015ftu.<\/em><\/p>\n<p>&nbsp;<\/p>\n<p><em>Kul\u00fcbe k\u0131sa s\u00fcre \u00f6nce kat\u0131ld\u0131n\u0131z. Bize biraz kariyerinizden bahsedebilir misiniz?<\/em><\/p>\n<p><strong>AT <\/strong>: T\u00fcm taraftarlara merhaba, kul\u00fcbe kat\u0131ld\u0131\u011f\u0131m i\u00e7in \u00e7ok mutluyum. Futbola 6 ya\u015f\u0131nda FCR&#8217;de ba\u015flamam\u0131n k\u00fc\u00e7\u00fck ve g\u00fczel bir hikayesi var. Grand-Quevilly FC&#8217;ye ge\u00e7meden \u00f6nce 10-11 ya\u015f\u0131ma kadar orada oynad\u0131m. E\u011fitimime QRM&#8217;de devam ettim. \u00dcst d\u00fczey kariyerim Mesnil-Esnard\/Franqueville&#8217;de ba\u015flad\u0131 ve burada R1&#8217;e y\u00fckselmeden \u00f6nce R2 liginde oynad\u0131m. Daha sonra Oissel&#8217;e kat\u0131ld\u0131m ve burada \u00fc\u00e7 sezon oynad\u0131m. \u015eimdi ilk kontrat\u0131mla FC Rouen&#8217;day\u0131m ve burada ba\u015flad\u0131ktan sonra harika bir hikaye.<\/p>\n<p><em>Oyundaki g\u00fc\u00e7l\u00fc y\u00f6nleriniz neler?<\/em><\/p>\n<p><strong>AT <\/strong>: Kendiniz hakk\u0131nda konu\u015fmak her zaman zordur. G\u00fc\u00e7l\u00fc y\u00f6nlerim aras\u0131nda, \u00e7izgide iyiyim. En g\u00fc\u00e7l\u00fc y\u00f6nlerimden biri ayak hareketlerim. Antrenmanlar\u0131m s\u0131ras\u0131nda \u00fczerinde \u00e7ok \u00e7al\u0131\u015ft\u0131\u011f\u0131m bir beceri. Oyunda yer almay\u0131 ve tak\u0131m\u0131m\u0131n topu d\u0131\u015far\u0131 \u00e7\u0131karmas\u0131na yard\u0131mc\u0131 olmak i\u00e7in defans oyuncusu olarak oynamay\u0131 seviyorum.<\/p>\n<p><em>FCR sizin i\u00e7in ne ifade ediyor?<\/em><\/p>\n<p><strong>AT <\/strong>: Bu b\u00f6lgeden gelen biri i\u00e7in \u00e7ok b\u00fcy\u00fck bir \u015fey, ben hep burada ya\u015fad\u0131m. Burada ba\u015flad\u0131m ve \u015fimdi geri d\u00f6n\u00fcyorum. Bu benim i\u00e7in bir zenginlik. Futbol oynamaya ba\u015flad\u0131\u011f\u0131n\u0131zda her zaman bir kontrat\u0131n\u0131z olsun istersiniz. \u015eimdi kendimi b\u00f6lgenin amiral gemisi, efsanevi bir kul\u00fcpte buluyorum. Her i\u00e7 saha ma\u00e7\u0131ndaki taraftar say\u0131s\u0131n\u0131 g\u00f6rd\u00fc\u011f\u00fcn\u00fczde&#8230; Bu atmosferi, bu tutkuyu ke\u015ffetmek, trib\u00fcnde ya\u015fad\u0131ktan sonra sahada da deneyimlemek i\u00e7in Cuma g\u00fcn\u00fcne kadar sab\u0131rs\u0131zlan\u0131yorum. T\u00fcm bunlar\u0131 sahada ya\u015famak ola\u011fan\u00fcst\u00fc olacak, \u00e7ok \u015fey ifade ediyor. Bu projenin bir par\u00e7as\u0131 oldu\u011fum i\u00e7in \u00e7ok gururlu ve minnettar\u0131m.<\/p>\n","protected":false},"excerpt":{"rendered":"<p>Axel Temperton Villefranche ma\u00e7\u0131ndan \u00f6nce bas\u0131n toplant\u0131s\u0131nda konu\u015ftu. &nbsp; Kul\u00fcbe k\u0131sa s\u00fcre \u00f6nce kat\u0131ld\u0131n\u0131z. Bize biraz kariyerinizden bahsedebilir misiniz? AT : T\u00fcm taraftarlara merhaba, kul\u00fcbe kat\u0131ld\u0131\u011f\u0131m i\u00e7in \u00e7ok mutluyum. Futbola 6 ya\u015f\u0131nda FCR&#8217;de ba\u015flamam\u0131n k\u00fc\u00e7\u00fck ve g\u00fczel bir hikayesi var. Grand-Quevilly FC&#8217;ye ge\u00e7meden \u00f6nce 10-11 ya\u015f\u0131ma kadar orada oynad\u0131m. E\u011fitimime QRM&#8217;de devam ettim. \u00dcst d\u00fczey [&hellip;]<\/p>\n","protected":false},"author":2,"featured_media":13917,"comment_status":"open","ping_status":"open","sticky":false,"template":"","format":"standard","meta":{"_acf_changed":false,"footnotes":""},"categories":[90,91],"tags":[],"class_list":["post-15117","post","type-post","status-publish","format-standard","has-post-thumbnail","hentry","category-ulusal-tr","category-haberler-tr"],"acf":[],"_links":{"self":[{"href":"https:\/\/fcr1899.com\/tr\/wp-json\/wp\/v2\/posts\/15117","targetHints":{"allow":["GET"]}}],"collection":[{"href":"https:\/\/fcr1899.com\/tr\/wp-json\/wp\/v2\/posts"}],"about":[{"href":"https:\/\/fcr1899.com\/tr\/wp-json\/wp\/v2\/types\/post"}],"author":[{"embeddable":true,"href":"https:\/\/fcr1899.com\/tr\/wp-json\/wp\/v2\/users\/2"}],"replies":[{"embeddable":true,"href":"https:\/\/fcr1899.com\/tr\/wp-json\/wp\/v2\/comments?post=15117"}],"version-history":[{"count":1,"href":"https:\/\/fcr1899.com\/tr\/wp-json\/wp\/v2\/posts\/15117\/revisions"}],"predecessor-version":[{"id":15118,"href":"https:\/\/fcr1899.com\/tr\/wp-json\/wp\/v2\/posts\/15117\/revisions\/15118"}],"wp:featuredmedia":[{"embeddable":true,"href":"https:\/\/fcr1899.com\/tr\/wp-json\/wp\/v2\/media\/13917"}],"wp:attachment":[{"href":"https:\/\/fcr1899.com\/tr\/wp-json\/wp\/v2\/media?parent=15117"}],"wp:term":[{"taxonomy":"category","embeddable":true,"href":"https:\/\/fcr1899.com\/tr\/wp-json\/wp\/v2\/categories?post=15117"},{"taxonomy":"post_tag","embeddable":true,"href":"https:\/\/fcr1899.com\/tr\/wp-json\/wp\/v2\/tags?post=15117"}],"curies":[{"name":"wp","href":"https:\/\/api.w.org\/{rel}","templated":true}]}}