{"id":15097,"date":"2025-03-11T19:19:00","date_gmt":"2025-03-11T18:19:00","guid":{"rendered":"https:\/\/fcr1899.com\/?p=15097"},"modified":"2025-03-17T10:45:23","modified_gmt":"2025-03-17T09:45:23","slug":"fc-rouenin-125-yildonumu-serisinin-lansmani","status":"publish","type":"post","link":"https:\/\/fcr1899.com\/tr\/fc-rouenin-125-yildonumu-serisinin-lansmani\/","title":{"rendered":"FC Rouen&#8217;in 125. y\u0131ld\u00f6n\u00fcm\u00fc serisinin lansman\u0131"},"content":{"rendered":"<p>Kul\u00fcb\u00fcm\u00fcz i\u00e7in tarihi bir an\u0131 birlikte kutlayal\u0131m! FC Rouen&#8217;in 125. y\u0131ld\u00f6n\u00fcm\u00fcn\u00fc kutlamak \u00fczere, kul\u00fcb\u00fcn logosunu ta\u015f\u0131yan \u00f6zel bir \u00fcr\u00fcn koleksiyonu olu\u015fturduk ve kul\u00fcp tarihindeki ilklerden biri olan tarihi logomuzu yeniden kullanarak miras\u0131m\u0131z\u0131 ve renklerimize olan aidiyet duygusunu vurgulad\u0131k! Sizin taraf\u0131n\u0131zdan se\u00e7ilen mevcut, tarihi logomuz tabii ki de\u011fi\u015fmeden kalacakt\u0131r!<\/p>\n<p>Her bir par\u00e7a orijinal, sembolik ve s\u0131n\u0131rl\u0131 say\u0131da \u00fcretilmi\u015ftir.<\/p>\n<p>Daha fazlas\u0131n\u0131 \u00f6\u011frenin ve online ma\u011fazam\u0131zdan sipari\u015f verin: https:\/\/shop.fcr1899.com\/<\/p>\n<p>Bu serinin en \u00f6nemli par\u00e7alar\u0131ndan biri, 1&#8217;den 1899&#8217;a kadar sadece 1.899 adetlik s\u0131n\u0131rl\u0131 say\u0131da \u00fcretilen, orijinallik sertifikas\u0131 e\u015fli\u011finde ve \u00f6zel ambalaj\u0131nda sunulan 125. y\u0131ld\u00f6n\u00fcm\u00fc formas\u0131d\u0131r.<\/p>\n<p>Ama hepsi bu kadar de\u011fil! Ayr\u0131ca bir Teddy, bir bere ve bir muz gibi ek e\u015fyalar\u0131 da ke\u015ffedebileceksiniz.<\/p>\n<p>Sadakatinizi ve ba\u011fl\u0131l\u0131\u011f\u0131n\u0131z\u0131 \u00f6d\u00fcllendirmek i\u00e7in, 30 Mart 2025 tarihine kadar ge\u00e7erli olmak \u00fczere t\u00fcm \u00f6n sipari\u015flerde ola\u011fan\u00fcst\u00fc bir indirim sunuyoruz. Bu s\u00fcreden sonra fiyatlar normal oranlar\u0131na geri d\u00f6necektir.<\/p>\n<p>T\u00fcm \u00f6n sipari\u015fler May\u0131s ay\u0131 ba\u015f\u0131ndan itibaren g\u00f6nderilecektir.<\/p>\n<p>\u00dcr\u00fcnler :<br \/>\n1&#8217;den 1899&#8217;a kadar numaraland\u0131r\u0131lm\u0131\u015f Resmi 125. Y\u0131l Formas\u0131 S\u0131n\u0131rl\u0131 Say\u0131da Bas\u0131m<br \/>\n&#8211; Yeti\u015fkinler i\u00e7in \u20ac99 yerine 69<br \/>\n&#8211; \u00c7ocuklar i\u00e7in 79\u20ac yerine 59\u20ac<\/p>\n<p>125. Y\u0131l D\u00f6n\u00fcm\u00fc Resmi \u015eortlar\u0131<br \/>\n&#8211; Yeti\u015fkinler i\u00e7in 35\u20ac yerine 24,50<br \/>\n&#8211; \u00c7ocuklar i\u00e7in 25 \u20ac yerine 17,50<\/p>\n<p>Resmi 125. Y\u0131l D\u00f6n\u00fcm\u00fc Teddy&#8217;si<br \/>\n&#8211; Yeti\u015fkinler i\u00e7in 149\u20ac yerine 119\u20ac<br \/>\n&#8211; \u00c7ocuklar i\u00e7in 99\u20ac yerine 89\u20ac<\/p>\n<p>Resmi 125 Y\u0131l Beresi<br \/>\n&#8211; 30 \u20ac yerine 25 \u20ac<\/p>\n<p>Resmi 125 Y\u0131ll\u0131k Muz<br \/>\n&#8211; 30 \u20ac yerine 25 \u20ac<\/p>\n<p>125 Y\u0131l Oyuncular taraf\u0131ndan giyilen Resmi Forma: Bir ma\u00e7 s\u0131ras\u0131nda bir oyuncu taraf\u0131ndan giyilen ve oyuncu taraf\u0131ndan imzalanan forma.<br \/>\n&#8211; 120 \u20ac yerine 99 \u20ac<\/p>\n<p>125 Y\u0131ll\u0131k Resmi Oyuncu \u015eortu: Bir ma\u00e7 s\u0131ras\u0131nda bir oyuncu taraf\u0131ndan giyilen ve oyuncu taraf\u0131ndan imzalanan \u015fort<br \/>\n&#8211; 45 Avro yerine 30 Avro<\/p>\n<p>Deste\u011finiz i\u00e7in te\u015fekk\u00fcr ediyor ve FC Rouen&#8217;in 125. y\u0131ld\u00f6n\u00fcm\u00fcn\u00fc birlikte kutlamak i\u00e7in sab\u0131rs\u0131zlan\u0131yoruz!<\/p>\n","protected":false},"excerpt":{"rendered":"<p>Kul\u00fcb\u00fcm\u00fcz i\u00e7in tarihi bir an\u0131 birlikte kutlayal\u0131m! FC Rouen&#8217;in 125. y\u0131ld\u00f6n\u00fcm\u00fcn\u00fc kutlamak \u00fczere, kul\u00fcb\u00fcn logosunu ta\u015f\u0131yan \u00f6zel bir \u00fcr\u00fcn koleksiyonu olu\u015fturduk ve kul\u00fcp tarihindeki ilklerden biri olan tarihi logomuzu yeniden kullanarak miras\u0131m\u0131z\u0131 ve renklerimize olan aidiyet duygusunu vurgulad\u0131k! Sizin taraf\u0131n\u0131zdan se\u00e7ilen mevcut, tarihi logomuz tabii ki de\u011fi\u015fmeden kalacakt\u0131r! Her bir par\u00e7a orijinal, sembolik ve s\u0131n\u0131rl\u0131 [&hellip;]<\/p>\n","protected":false},"author":2,"featured_media":13873,"comment_status":"open","ping_status":"open","sticky":false,"template":"","format":"standard","meta":{"_acf_changed":false,"footnotes":""},"categories":[88,91],"tags":[],"class_list":["post-15097","post","type-post","status-publish","format-standard","has-post-thumbnail","hentry","category-kulup-tr","category-haberler-tr"],"acf":[],"_links":{"self":[{"href":"https:\/\/fcr1899.com\/tr\/wp-json\/wp\/v2\/posts\/15097","targetHints":{"allow":["GET"]}}],"collection":[{"href":"https:\/\/fcr1899.com\/tr\/wp-json\/wp\/v2\/posts"}],"about":[{"href":"https:\/\/fcr1899.com\/tr\/wp-json\/wp\/v2\/types\/post"}],"author":[{"embeddable":true,"href":"https:\/\/fcr1899.com\/tr\/wp-json\/wp\/v2\/users\/2"}],"replies":[{"embeddable":true,"href":"https:\/\/fcr1899.com\/tr\/wp-json\/wp\/v2\/comments?post=15097"}],"version-history":[{"count":1,"href":"https:\/\/fcr1899.com\/tr\/wp-json\/wp\/v2\/posts\/15097\/revisions"}],"predecessor-version":[{"id":15098,"href":"https:\/\/fcr1899.com\/tr\/wp-json\/wp\/v2\/posts\/15097\/revisions\/15098"}],"wp:featuredmedia":[{"embeddable":true,"href":"https:\/\/fcr1899.com\/tr\/wp-json\/wp\/v2\/media\/13873"}],"wp:attachment":[{"href":"https:\/\/fcr1899.com\/tr\/wp-json\/wp\/v2\/media?parent=15097"}],"wp:term":[{"taxonomy":"category","embeddable":true,"href":"https:\/\/fcr1899.com\/tr\/wp-json\/wp\/v2\/categories?post=15097"},{"taxonomy":"post_tag","embeddable":true,"href":"https:\/\/fcr1899.com\/tr\/wp-json\/wp\/v2\/tags?post=15097"}],"curies":[{"name":"wp","href":"https:\/\/api.w.org\/{rel}","templated":true}]}}