{"id":15089,"date":"2025-03-11T14:08:13","date_gmt":"2025-03-11T13:08:13","guid":{"rendered":"https:\/\/fcr1899.com\/?p=15089"},"modified":"2025-03-17T10:26:51","modified_gmt":"2025-03-17T09:26:51","slug":"fcr-villefranche-karsilasmasi-oncesi-istatistikler","status":"publish","type":"post","link":"https:\/\/fcr1899.com\/tr\/fcr-villefranche-karsilasmasi-oncesi-istatistikler\/","title":{"rendered":"FCR-Villefranche kar\u015f\u0131la\u015fmas\u0131 \u00f6ncesi istatistikler"},"content":{"rendered":"<p>FCR Cuma g\u00fcn\u00fc saat 19.30&#8217;da Villefranche ile kar\u015f\u0131la\u015facak. \u0130\u015fte Fransa&#8217;n\u0131n en \u00fcst d\u00fczey liginin 25. g\u00fcn\u00fcndeki bu ma\u00e7 \u00f6ncesinde istatistiklere bir g\u00f6z at\u0131n.<\/p>\n<p><strong>4<\/strong><\/p>\n<p>FCR bu Cuma Villefranche ile tarihinde d\u00f6rd\u00fcnc\u00fc kez kar\u015f\u0131 kar\u015f\u0131ya geliyor. \u015eu ana kadar, her iki taraf\u0131n da att\u0131\u011f\u0131 \u00fc\u00e7 gol ve birer galibiyetle rekor m\u00fckemmel bir \u015fekilde dengelendi.<\/p>\n<p><strong>2<\/strong><\/p>\n<p>FC Rouen, Diochon&#8217;daki son iki ma\u00e7\u0131n\u0131 kazand\u0131 ve bir y\u0131l \u00f6nce Mart ay\u0131ndan bu yana evinde \u00fc\u00e7 ma\u00e7 kazanamad\u0131. Bu ko\u015fu Villefranche kar\u015f\u0131s\u0131nda al\u0131nan bir galibiyeti de i\u00e7eriyordu.<\/p>\n<p><strong>2<\/strong><\/p>\n<p>Villefranche son 11 deplasman ma\u00e7\u0131n\u0131n 2&#8217;sini kazand\u0131, ancak bu 2 galibiyet son 4 deplasman ma\u00e7\u0131nda geldi.<\/p>\n<p><strong>7<\/strong><\/p>\n<p>Caladois forveti Adama Diakit\u00e9 7 gole katk\u0131da bulundu (4 gol, 3 asist), bu say\u0131 di\u011fer Villefranche oyuncular\u0131n\u0131n en az iki kat\u0131 (Couturier ve Fortun\u00e9, 3).<\/p>\n","protected":false},"excerpt":{"rendered":"<p>FCR Cuma g\u00fcn\u00fc saat 19.30&#8217;da Villefranche ile kar\u015f\u0131la\u015facak. \u0130\u015fte Fransa&#8217;n\u0131n en \u00fcst d\u00fczey liginin 25. g\u00fcn\u00fcndeki bu ma\u00e7 \u00f6ncesinde istatistiklere bir g\u00f6z at\u0131n. 4 FCR bu Cuma Villefranche ile tarihinde d\u00f6rd\u00fcnc\u00fc kez kar\u015f\u0131 kar\u015f\u0131ya geliyor. \u015eu ana kadar, her iki taraf\u0131n da att\u0131\u011f\u0131 \u00fc\u00e7 gol ve birer galibiyetle rekor m\u00fckemmel bir \u015fekilde dengelendi. 2 FC [&hellip;]<\/p>\n","protected":false},"author":2,"featured_media":13686,"comment_status":"open","ping_status":"open","sticky":false,"template":"","format":"standard","meta":{"_acf_changed":false,"footnotes":""},"categories":[90,91],"tags":[],"class_list":["post-15089","post","type-post","status-publish","format-standard","has-post-thumbnail","hentry","category-ulusal-tr","category-haberler-tr"],"acf":[],"_links":{"self":[{"href":"https:\/\/fcr1899.com\/tr\/wp-json\/wp\/v2\/posts\/15089","targetHints":{"allow":["GET"]}}],"collection":[{"href":"https:\/\/fcr1899.com\/tr\/wp-json\/wp\/v2\/posts"}],"about":[{"href":"https:\/\/fcr1899.com\/tr\/wp-json\/wp\/v2\/types\/post"}],"author":[{"embeddable":true,"href":"https:\/\/fcr1899.com\/tr\/wp-json\/wp\/v2\/users\/2"}],"replies":[{"embeddable":true,"href":"https:\/\/fcr1899.com\/tr\/wp-json\/wp\/v2\/comments?post=15089"}],"version-history":[{"count":1,"href":"https:\/\/fcr1899.com\/tr\/wp-json\/wp\/v2\/posts\/15089\/revisions"}],"predecessor-version":[{"id":15090,"href":"https:\/\/fcr1899.com\/tr\/wp-json\/wp\/v2\/posts\/15089\/revisions\/15090"}],"wp:featuredmedia":[{"embeddable":true,"href":"https:\/\/fcr1899.com\/tr\/wp-json\/wp\/v2\/media\/13686"}],"wp:attachment":[{"href":"https:\/\/fcr1899.com\/tr\/wp-json\/wp\/v2\/media?parent=15089"}],"wp:term":[{"taxonomy":"category","embeddable":true,"href":"https:\/\/fcr1899.com\/tr\/wp-json\/wp\/v2\/categories?post=15089"},{"taxonomy":"post_tag","embeddable":true,"href":"https:\/\/fcr1899.com\/tr\/wp-json\/wp\/v2\/tags?post=15089"}],"curies":[{"name":"wp","href":"https:\/\/api.w.org\/{rel}","templated":true}]}}