{"id":13101,"date":"2025-03-04T18:28:17","date_gmt":"2025-03-04T17:28:17","guid":{"rendered":"https:\/\/fcr1899.com\/?p=13101"},"modified":"2025-03-05T06:19:39","modified_gmt":"2025-03-05T05:19:39","slug":"axel-temperton-fcrin-yeni-kalecisi","status":"publish","type":"post","link":"https:\/\/fcr1899.com\/tr\/axel-temperton-fcrin-yeni-kalecisi\/","title":{"rendered":"Axel Temperton, FCR&#8217;\u0131n yeni kalecisi"},"content":{"rendered":"<p>FC Rouen 1899 Axel Temperton&#8217;un transferini duyurmaktan mutluluk duyar. Axel Maraval&#8217;\u0131n sakatlanmas\u0131n\u0131n ard\u0131ndan kul\u00fcp, Haziran ay\u0131na kadar s\u00fcrecek bir s\u00f6zle\u015fme ile t\u0131bbi joker olarak yeni bir kaleci alma f\u0131rsat\u0131n\u0131 yakalad\u0131.<\/p>\n<p>26 ya\u015f\u0131ndaki Axel, CMS Oissel&#8217;den aram\u0131za kat\u0131ld\u0131. Onun geli\u015fi, kul\u00fcb\u00fcn Normandiya&#8217;dan yeteneklere g\u00fcvenme ve yerel k\u00f6klerimizi g\u00fc\u00e7lendirme gelene\u011fine uygun. Kaleci K\u0131rm\u0131z\u0131 \u015eeytanlar\u0131n renklerinde 40 numaray\u0131 giyecek.<\/p>\n<p>Ho\u015f geldin Axel!<\/p>\n","protected":false},"excerpt":{"rendered":"<p>FC Rouen 1899 Axel Temperton&#8217;un transferini duyurmaktan mutluluk duyar. Axel Maraval&#8217;\u0131n sakatlanmas\u0131n\u0131n ard\u0131ndan kul\u00fcp, Haziran ay\u0131na kadar s\u00fcrecek bir s\u00f6zle\u015fme ile t\u0131bbi joker olarak yeni bir kaleci alma f\u0131rsat\u0131n\u0131 yakalad\u0131. 26 ya\u015f\u0131ndaki Axel, CMS Oissel&#8217;den aram\u0131za kat\u0131ld\u0131. Onun geli\u015fi, kul\u00fcb\u00fcn Normandiya&#8217;dan yeteneklere g\u00fcvenme ve yerel k\u00f6klerimizi g\u00fc\u00e7lendirme gelene\u011fine uygun. Kaleci K\u0131rm\u0131z\u0131 \u015eeytanlar\u0131n renklerinde 40 numaray\u0131 [&hellip;]<\/p>\n","protected":false},"author":2,"featured_media":13092,"comment_status":"open","ping_status":"open","sticky":false,"template":"","format":"standard","meta":{"_acf_changed":false,"footnotes":""},"categories":[90,91],"tags":[],"class_list":["post-13101","post","type-post","status-publish","format-standard","has-post-thumbnail","hentry","category-ulusal-tr","category-haberler-tr"],"acf":[],"_links":{"self":[{"href":"https:\/\/fcr1899.com\/tr\/wp-json\/wp\/v2\/posts\/13101","targetHints":{"allow":["GET"]}}],"collection":[{"href":"https:\/\/fcr1899.com\/tr\/wp-json\/wp\/v2\/posts"}],"about":[{"href":"https:\/\/fcr1899.com\/tr\/wp-json\/wp\/v2\/types\/post"}],"author":[{"embeddable":true,"href":"https:\/\/fcr1899.com\/tr\/wp-json\/wp\/v2\/users\/2"}],"replies":[{"embeddable":true,"href":"https:\/\/fcr1899.com\/tr\/wp-json\/wp\/v2\/comments?post=13101"}],"version-history":[{"count":1,"href":"https:\/\/fcr1899.com\/tr\/wp-json\/wp\/v2\/posts\/13101\/revisions"}],"predecessor-version":[{"id":13102,"href":"https:\/\/fcr1899.com\/tr\/wp-json\/wp\/v2\/posts\/13101\/revisions\/13102"}],"wp:featuredmedia":[{"embeddable":true,"href":"https:\/\/fcr1899.com\/tr\/wp-json\/wp\/v2\/media\/13092"}],"wp:attachment":[{"href":"https:\/\/fcr1899.com\/tr\/wp-json\/wp\/v2\/media?parent=13101"}],"wp:term":[{"taxonomy":"category","embeddable":true,"href":"https:\/\/fcr1899.com\/tr\/wp-json\/wp\/v2\/categories?post=13101"},{"taxonomy":"post_tag","embeddable":true,"href":"https:\/\/fcr1899.com\/tr\/wp-json\/wp\/v2\/tags?post=13101"}],"curies":[{"name":"wp","href":"https:\/\/api.w.org\/{rel}","templated":true}]}}