{"id":12119,"date":"2025-02-24T16:16:49","date_gmt":"2025-02-24T15:16:49","guid":{"rendered":"https:\/\/fcr1899.com\/?p=12119"},"modified":"2025-02-26T14:26:01","modified_gmt":"2025-02-26T13:26:01","slug":"fcr-oncesi-istatistikler-concarneau","status":"publish","type":"post","link":"https:\/\/fcr1899.com\/tr\/fcr-oncesi-istatistikler-concarneau\/","title":{"rendered":"FCR \u00f6ncesi istatistikler &#8211; Concarneau"},"content":{"rendered":"<p>FCR Cuma g\u00fcn\u00fc saat 19.30&#8217;da Concarneau ile kar\u015f\u0131la\u015facak. \u0130\u015fte Fransa&#8217;n\u0131n en \u00fcst d\u00fczey liginin 23. g\u00fcn\u00fcndeki bu ma\u00e7 \u00f6ncesinde istatistiklere bir g\u00f6z at\u0131n.<\/p>\n<p><strong>1<\/strong><\/p>\n<p>Rouen ile Concarneau aras\u0131nda Diochon&#8217;da oynanan tek kar\u015f\u0131la\u015fmay\u0131 FCR kazanm\u0131\u015ft\u0131 (4-0). Cuma g\u00fcnk\u00fc ma\u00e7, iki kul\u00fcp aras\u0131ndaki d\u00f6rd\u00fcnc\u00fc kar\u015f\u0131la\u015fma olacak ve <a href=\"https:\/\/www.youtube.com\/watch?v=FE9vFB6_VMU\">ilk ayaktaki (1-1) &#8216;lik beraberli\u011fin<\/a> ard\u0131ndan \u015fu anda dengede olan bir rekor.<\/p>\n<p><strong>3<\/strong><\/p>\n<p>FC Rouen, Diochon&#8217;da ligde oynad\u0131\u011f\u0131 son 5 ma\u00e7\u0131n 3&#8217;\u00fcn\u00fc kazand\u0131 (1 beraberlik, 1 yenilgi) ve daha \u00f6nceki 12 ziyaretinde de ayn\u0131 ba\u015far\u0131y\u0131 g\u00f6sterdi (5 beraberlik, 4 yenilgi).<\/p>\n<p><strong>2<\/strong><\/p>\n<p>Concarneau son 12 Ulusal ma\u00e7\u0131n\u0131n 2&#8217;sini kazand\u0131 (2 beraberlik, 8 yenilgi), ilk 10 ma\u00e7\u0131n\u0131n 5&#8217;ini kazand\u0131 (4 beraberlik, 1 yenilgi).<\/p>\n<p><strong>5<\/strong><\/p>\n<p>Concarneau forveti Stanislas Kielt, bu sezon ligde en az be\u015f gol atan ve be\u015f asist yapan d\u00f6rt Ulusal tak\u0131m oyuncusundan biri.<\/p>\n<p>&nbsp;<\/p>\n","protected":false},"excerpt":{"rendered":"<p>FCR Cuma g\u00fcn\u00fc saat 19.30&#8217;da Concarneau ile kar\u015f\u0131la\u015facak. \u0130\u015fte Fransa&#8217;n\u0131n en \u00fcst d\u00fczey liginin 23. g\u00fcn\u00fcndeki bu ma\u00e7 \u00f6ncesinde istatistiklere bir g\u00f6z at\u0131n. 1 Rouen ile Concarneau aras\u0131nda Diochon&#8217;da oynanan tek kar\u015f\u0131la\u015fmay\u0131 FCR kazanm\u0131\u015ft\u0131 (4-0). Cuma g\u00fcnk\u00fc ma\u00e7, iki kul\u00fcp aras\u0131ndaki d\u00f6rd\u00fcnc\u00fc kar\u015f\u0131la\u015fma olacak ve ilk ayaktaki (1-1) &#8216;lik beraberli\u011fin ard\u0131ndan \u015fu anda dengede olan [&hellip;]<\/p>\n","protected":false},"author":2,"featured_media":11879,"comment_status":"open","ping_status":"open","sticky":false,"template":"","format":"standard","meta":{"_acf_changed":false,"footnotes":""},"categories":[90,91],"tags":[],"class_list":["post-12119","post","type-post","status-publish","format-standard","has-post-thumbnail","hentry","category-ulusal-tr","category-haberler-tr"],"acf":[],"_links":{"self":[{"href":"https:\/\/fcr1899.com\/tr\/wp-json\/wp\/v2\/posts\/12119","targetHints":{"allow":["GET"]}}],"collection":[{"href":"https:\/\/fcr1899.com\/tr\/wp-json\/wp\/v2\/posts"}],"about":[{"href":"https:\/\/fcr1899.com\/tr\/wp-json\/wp\/v2\/types\/post"}],"author":[{"embeddable":true,"href":"https:\/\/fcr1899.com\/tr\/wp-json\/wp\/v2\/users\/2"}],"replies":[{"embeddable":true,"href":"https:\/\/fcr1899.com\/tr\/wp-json\/wp\/v2\/comments?post=12119"}],"version-history":[{"count":1,"href":"https:\/\/fcr1899.com\/tr\/wp-json\/wp\/v2\/posts\/12119\/revisions"}],"predecessor-version":[{"id":12120,"href":"https:\/\/fcr1899.com\/tr\/wp-json\/wp\/v2\/posts\/12119\/revisions\/12120"}],"wp:featuredmedia":[{"embeddable":true,"href":"https:\/\/fcr1899.com\/tr\/wp-json\/wp\/v2\/media\/11879"}],"wp:attachment":[{"href":"https:\/\/fcr1899.com\/tr\/wp-json\/wp\/v2\/media?parent=12119"}],"wp:term":[{"taxonomy":"category","embeddable":true,"href":"https:\/\/fcr1899.com\/tr\/wp-json\/wp\/v2\/categories?post=12119"},{"taxonomy":"post_tag","embeddable":true,"href":"https:\/\/fcr1899.com\/tr\/wp-json\/wp\/v2\/tags?post=12119"}],"curies":[{"name":"wp","href":"https:\/\/api.w.org\/{rel}","templated":true}]}}