{"id":12024,"date":"2025-02-13T18:36:34","date_gmt":"2025-02-13T17:36:34","guid":{"rendered":"https:\/\/fcr1899.com\/?p=12024"},"modified":"2025-02-26T12:04:14","modified_gmt":"2025-02-26T11:04:14","slug":"valenciennes-seyahati-icin-bilgiler","status":"publish","type":"post","link":"https:\/\/fcr1899.com\/tr\/valenciennes-seyahati-icin-bilgiler\/","title":{"rendered":"Valenciennes seyahati i\u00e7in bilgiler"},"content":{"rendered":"<p>Araba ile seyahat eden taraftarlar i\u00e7in l\u00fctfen a\u015fa\u011f\u0131daki vilayet s\u0131ralamas\u0131na bak\u0131n\u0131z: <a href=\"https:\/\/fcr1899.com\/arrete-prefectoral-valenciennes-vs-fc-rouen\/\">Valenciennes &#8211; FC Rouen ma\u00e7 s\u0131ralamas\u0131<\/a><\/p>\n<p>\u00d6nemli bilgi:<\/p>\n<ul>\n<li>Polis taraf\u0131ndan stadyuma g\u00f6t\u00fcr\u00fclmek \u00fczere saat 17:00&#8217;de A2 otoyolundaki Thun-L&#8217;Eveque gi\u015fesindeki bulu\u015fma noktas\u0131na gidiniz.<\/li>\n<li>Ziyaret\u00e7i otopark\u0131ndaki bilet gi\u015fesi saat 6.30&#8217;dan itibaren a\u00e7\u0131k olacakt\u0131r &#8211; koltuk ba\u015f\u0131na 5 Avro.<\/li>\n<li>A2&#8217;deki bulu\u015fma noktas\u0131na gelemeyenler, l\u00fctfen saat 6.30&#8217;dan itibaren do\u011frudan ziyaret\u00e7i otopark\u0131na (Route d&#8217;Aulnoy ve Avenue des Sports&#8217;un k\u00f6\u015fesindeki Route d&#8217;Aulnoy giri\u015fi) gelsinler ve 40 ara\u00e7l\u0131k otoparka giri\u015f yaps\u0131nlar. Madde 1&#8217;e g\u00f6re stadyum \u00e7evresinde ve kararnamede belirtilen alanlarda FC Rouen&#8217;e ait ay\u0131rt edici i\u015faretlerin bulundurulmas\u0131n\u0131n yasak oldu\u011funu hat\u0131rlat\u0131r\u0131z.<\/li>\n<\/ul>\n<p>&nbsp;<\/p>\n<p>Foto\u011fraf kredisi : VAFC<\/p>\n","protected":false},"excerpt":{"rendered":"<p>Araba ile seyahat eden taraftarlar i\u00e7in l\u00fctfen a\u015fa\u011f\u0131daki vilayet s\u0131ralamas\u0131na bak\u0131n\u0131z: Valenciennes &#8211; FC Rouen ma\u00e7 s\u0131ralamas\u0131 \u00d6nemli bilgi: Polis taraf\u0131ndan stadyuma g\u00f6t\u00fcr\u00fclmek \u00fczere saat 17:00&#8217;de A2 otoyolundaki Thun-L&#8217;Eveque gi\u015fesindeki bulu\u015fma noktas\u0131na gidiniz. Ziyaret\u00e7i otopark\u0131ndaki bilet gi\u015fesi saat 6.30&#8217;dan itibaren a\u00e7\u0131k olacakt\u0131r &#8211; koltuk ba\u015f\u0131na 5 Avro. A2&#8217;deki bulu\u015fma noktas\u0131na gelemeyenler, l\u00fctfen saat 6.30&#8217;dan itibaren [&hellip;]<\/p>\n","protected":false},"author":2,"featured_media":10998,"comment_status":"open","ping_status":"open","sticky":false,"template":"","format":"standard","meta":{"_acf_changed":false,"footnotes":""},"categories":[91,92],"tags":[],"class_list":["post-12024","post","type-post","status-publish","format-standard","has-post-thumbnail","hentry","category-haberler-tr","category-destekciler-tr"],"acf":[],"_links":{"self":[{"href":"https:\/\/fcr1899.com\/tr\/wp-json\/wp\/v2\/posts\/12024","targetHints":{"allow":["GET"]}}],"collection":[{"href":"https:\/\/fcr1899.com\/tr\/wp-json\/wp\/v2\/posts"}],"about":[{"href":"https:\/\/fcr1899.com\/tr\/wp-json\/wp\/v2\/types\/post"}],"author":[{"embeddable":true,"href":"https:\/\/fcr1899.com\/tr\/wp-json\/wp\/v2\/users\/2"}],"replies":[{"embeddable":true,"href":"https:\/\/fcr1899.com\/tr\/wp-json\/wp\/v2\/comments?post=12024"}],"version-history":[{"count":1,"href":"https:\/\/fcr1899.com\/tr\/wp-json\/wp\/v2\/posts\/12024\/revisions"}],"predecessor-version":[{"id":12025,"href":"https:\/\/fcr1899.com\/tr\/wp-json\/wp\/v2\/posts\/12024\/revisions\/12025"}],"wp:featuredmedia":[{"embeddable":true,"href":"https:\/\/fcr1899.com\/tr\/wp-json\/wp\/v2\/media\/10998"}],"wp:attachment":[{"href":"https:\/\/fcr1899.com\/tr\/wp-json\/wp\/v2\/media?parent=12024"}],"wp:term":[{"taxonomy":"category","embeddable":true,"href":"https:\/\/fcr1899.com\/tr\/wp-json\/wp\/v2\/categories?post=12024"},{"taxonomy":"post_tag","embeddable":true,"href":"https:\/\/fcr1899.com\/tr\/wp-json\/wp\/v2\/tags?post=12024"}],"curies":[{"name":"wp","href":"https:\/\/api.w.org\/{rel}","templated":true}]}}