{"id":11909,"date":"2025-02-04T18:03:07","date_gmt":"2025-02-04T17:03:07","guid":{"rendered":"https:\/\/fcr1899.com\/?p=11909"},"modified":"2025-02-24T11:44:26","modified_gmt":"2025-02-24T10:44:26","slug":"samy-el-khiarin-ayrilisi","status":"publish","type":"post","link":"https:\/\/fcr1899.com\/tr\/samy-el-khiarin-ayrilisi\/","title":{"rendered":"Samy El Khiar&#8217;\u0131n ayr\u0131l\u0131\u015f\u0131"},"content":{"rendered":"<p>FC Rouen 1899, Samy El Khiar&#8217;\u0131n tak\u0131mdan ayr\u0131ld\u0131\u011f\u0131n\u0131 duyurdu. Samy kul\u00fcbe yaz aylar\u0131nda geldi ve kul\u00fcb\u00fcm\u00fcze b\u00fcy\u00fck bir ba\u011fl\u0131l\u0131k ve \u00f6zveri g\u00f6sterdi. Profesyonelli\u011fi ve kul\u00fcpte ge\u00e7irdi\u011fi s\u00fcre i\u00e7in kendisine te\u015fekk\u00fcr ederiz.<\/p>\n<p>\u015eimdi kariyerine Ulusal 3&#8217;te FC Gueugnon ile devam edecek. T\u00fcm K\u0131rm\u0131z\u0131 \u015eeytanlar ailesi olarak kendisine kariyerinin geri kalan\u0131nda ba\u015far\u0131lar diliyoruz!<\/p>\n","protected":false},"excerpt":{"rendered":"<p>FC Rouen 1899, Samy El Khiar&#8217;\u0131n tak\u0131mdan ayr\u0131ld\u0131\u011f\u0131n\u0131 duyurdu. Samy kul\u00fcbe yaz aylar\u0131nda geldi ve kul\u00fcb\u00fcm\u00fcze b\u00fcy\u00fck bir ba\u011fl\u0131l\u0131k ve \u00f6zveri g\u00f6sterdi. Profesyonelli\u011fi ve kul\u00fcpte ge\u00e7irdi\u011fi s\u00fcre i\u00e7in kendisine te\u015fekk\u00fcr ederiz. \u015eimdi kariyerine Ulusal 3&#8217;te FC Gueugnon ile devam edecek. T\u00fcm K\u0131rm\u0131z\u0131 \u015eeytanlar ailesi olarak kendisine kariyerinin geri kalan\u0131nda ba\u015far\u0131lar diliyoruz!<\/p>\n","protected":false},"author":2,"featured_media":10160,"comment_status":"open","ping_status":"open","sticky":false,"template":"","format":"standard","meta":{"_acf_changed":false,"footnotes":""},"categories":[88,91],"tags":[],"class_list":["post-11909","post","type-post","status-publish","format-standard","has-post-thumbnail","hentry","category-kulup-tr","category-haberler-tr"],"acf":[],"_links":{"self":[{"href":"https:\/\/fcr1899.com\/tr\/wp-json\/wp\/v2\/posts\/11909","targetHints":{"allow":["GET"]}}],"collection":[{"href":"https:\/\/fcr1899.com\/tr\/wp-json\/wp\/v2\/posts"}],"about":[{"href":"https:\/\/fcr1899.com\/tr\/wp-json\/wp\/v2\/types\/post"}],"author":[{"embeddable":true,"href":"https:\/\/fcr1899.com\/tr\/wp-json\/wp\/v2\/users\/2"}],"replies":[{"embeddable":true,"href":"https:\/\/fcr1899.com\/tr\/wp-json\/wp\/v2\/comments?post=11909"}],"version-history":[{"count":1,"href":"https:\/\/fcr1899.com\/tr\/wp-json\/wp\/v2\/posts\/11909\/revisions"}],"predecessor-version":[{"id":11911,"href":"https:\/\/fcr1899.com\/tr\/wp-json\/wp\/v2\/posts\/11909\/revisions\/11911"}],"wp:featuredmedia":[{"embeddable":true,"href":"https:\/\/fcr1899.com\/tr\/wp-json\/wp\/v2\/media\/10160"}],"wp:attachment":[{"href":"https:\/\/fcr1899.com\/tr\/wp-json\/wp\/v2\/media?parent=11909"}],"wp:term":[{"taxonomy":"category","embeddable":true,"href":"https:\/\/fcr1899.com\/tr\/wp-json\/wp\/v2\/categories?post=11909"},{"taxonomy":"post_tag","embeddable":true,"href":"https:\/\/fcr1899.com\/tr\/wp-json\/wp\/v2\/tags?post=11909"}],"curies":[{"name":"wp","href":"https:\/\/api.w.org\/{rel}","templated":true}]}}